{"id":38396,"date":"2026-09-02T08:15:51","date_gmt":"2026-09-02T14:15:51","guid":{"rendered":"https:\/\/staytv.cr\/?p=38396"},"modified":"2026-09-01T09:13:21","modified_gmt":"2026-09-01T15:13:21","slug":"abre-paris-boutique-dedicada-solo-mantequilla","status":"publish","type":"post","link":"https:\/\/staytv.cr\/index.php\/2026\/09\/02\/abre-paris-boutique-dedicada-solo-mantequilla\/","title":{"rendered":"\u00bfMantequilla como producto de lujo? La novedosa apuesta gastron\u00f3mica que conquista la capital francesa"},"content":{"rendered":"<p><span data-path-to-node=\"0,4,1,0\">Par\u00eds inaugura una exclusiva boutique cerca de la Torre Eiffel dedicada a la mantequilla, ofreciendo 30 variedades de peque\u00f1os productores regionales.<\/span><!--more--><img decoding=\"async\" data-src=\"https:\/\/s.yimg.com\/lo\/mysterio\/api\/552d983f852defb0e58122d41f8f55695b14c799ae77b0957f2bca3352ebef0c\/lightyear_networkapi\/resizefill_w808_h539%3Bquality_80%3Bformat_webp\/https%3A%2F%2Fmedia.zenfs.com%2Fes%2Feuronews_es_us_articles_146%2F6248882a368b949d7e5392b8951f7556.jpg\" alt=\"Par\u00eds abre su primera tienda dedicada a la mantequilla: 30 variedades y sabores para todos los gustos - Yahoo Noticias\" src=\"data:image\/svg+xml;base64,PHN2ZyB3aWR0aD0iMSIgaGVpZ2h0PSIxIiB4bWxucz0iaHR0cDovL3d3dy53My5vcmcvMjAwMC9zdmciPjwvc3ZnPg==\" class=\"lazyload\" \/><\/p>\n<h1>\u00a1El para\u00edso l\u00e1cteo! Abre en Par\u00eds una exclusiva boutique dedicada solo a la mantequilla<\/h1>\n<p>La capital mundial de la gastronom\u00eda ha sumado un nuevo y peculiar atractivo a su inmensa oferta culinaria. Una novedosa boutique especializada \u00fanica y exclusivamente en <strong>mantequilla<\/strong> abri\u00f3 sus puertas el mes pasado en Par\u00eds, ubicada estrat\u00e9gicamente a tan solo unos pocos minutos de la ic\u00f3nica Torre Eiffel. Este innovador espacio ofrece a sus visitantes un cat\u00e1logo con aproximadamente 30 variedades distintas del producto, todas provenientes del arduo trabajo de productores familiares radicados en reconocidas zonas lecheras como Breta\u00f1a, el pintoresco Valle del Loira y el norte de Francia.<\/p>\n<p>El establecimiento no funciona simplemente como un supermercado tradicional, sino que permite al cliente probar, comprar y conocer a fondo las distintas tradiciones lecheras regionales en un solo punto de encuentro. Adem\u00e1s, su concepto fundamental radica en presentar este l\u00e1cteo como un producto de alta especialidad y degustaci\u00f3n, alej\u00e1ndolo de su habitual percepci\u00f3n como un simple ingrediente b\u00e1sico de uso cotidiano en la cocina dom\u00e9stica.<\/p>\n<h2>Una apuesta gastron\u00f3mica por el producto regional y artesanal<\/h2>\n<p>La tienda re\u00fane cuidadosamente referencias de peque\u00f1as explotaciones familiares y pone el foco principal en resaltar el origen geogr\u00e1fico y la historia de cada variedad. Por este motivo, la propuesta comercial combina de manera inteligente la venta directa con una inmersi\u00f3n y experiencia cultural fuertemente centrada en la rica tradici\u00f3n gastron\u00f3mica francesa, valorando el esfuerzo de los ganaderos y artesanos locales.<\/p>\n<p>Esta sorpresiva apertura tambi\u00e9n refleja un movimiento de consumo cada vez m\u00e1s visible en la capital francesa, donde ciertos alimentos tradicionalmente b\u00e1sicos est\u00e1n ganando un importante espacio en el mercado como productos de nicho de alt\u00edsima calidad. Sin embargo, el atractivo y el \u00e9xito inicial del local no dependen \u00fanicamente de la novedad del concepto, sino de la aut\u00e9ntica diversidad regional que logra concentrar bajo un mismo techo, ofreciendo perfiles de sabor que var\u00edan seg\u00fan el terru\u00f1o y la alimentaci\u00f3n del ganado.<\/p>\n<h2>Turismo y gastronom\u00eda en un mismo punto estrat\u00e9gico<\/h2>\n<p>Su envidiable ubicaci\u00f3n, muy cerca de uno de los monumentos m\u00e1s visitados de Par\u00eds y del mundo, le otorga al local una exposici\u00f3n inmediata y masiva tanto ante las oleadas de turistas internacionales como ante los residentes locales. Asimismo, este formato de boutique acerca al p\u00fablico urbano a estilos de producci\u00f3n agr\u00edcola y m\u00e9todos de batido tradicionales que, por lo general, se encuentran dispersos en distintas y lejanas zonas rurales del pa\u00eds.<\/p>\n<p>La exquisita selecci\u00f3n incluye mantequillas provenientes de regiones con una fort\u00edsima tradici\u00f3n l\u00e1ctea, lo que refuerza el enorme valor del origen en la oferta comercial. De hecho, la tienda ordena y exhibe su propuesta alrededor de esa identidad territorial y del meticuloso trabajo manual de los peque\u00f1os productores. El concepto encaja a la perfecci\u00f3n con un segmento creciente del mercado gastron\u00f3mico parisino que busca consumir productos que cuenten con trazabilidad comprobada y un relato regional aut\u00e9ntico.<\/p>\n<p>Al mismo tiempo, esta iniciativa convierte un alimento de uso diario en una compra much\u00edsimo m\u00e1s ligada a la degustaci\u00f3n consciente y al descubrimiento de nuevos matices. Los expertos se\u00f1alan que este enfoque especializado podr\u00eda sostener el inter\u00e9s comercial del local mucho m\u00e1s all\u00e1 de la simple curiosidad inicial, especialmente en una ciudad tan exigente donde la inmensa oferta culinaria compite diariamente por ofrecer la mejor diferenciaci\u00f3n y experiencia al cliente.<\/p>\n<p>Con informaci\u00f3n para STAY TV: <a href=\"https:\/\/www.staytv.com\">STAY TV<\/a><\/p>\n<p>&nbsp;<\/p>\n","protected":false},"excerpt":{"rendered":"<p>Par\u00eds inaugura una exclusiva boutique cerca de la Torre [&hellip;]<\/p>\n","protected":false},"author":11,"featured_media":38409,"comment_status":"open","ping_status":"open","sticky":false,"template":"","format":"standard","meta":{"_monsterinsights_skip_tracking":false,"_monsterinsights_sitenote_active":false,"_monsterinsights_sitenote_note":"","_monsterinsights_sitenote_category":0,"episode_type":"","audio_file":"","podmotor_file_id":"","podmotor_episode_id":"","cover_image":"","cover_image_id":"","duration":"","filesize":"","filesize_raw":"","date_recorded":"","explicit":"","block":"","itunes_episode_number":"","itunes_title":"","itunes_season_number":"","itunes_episode_type":"","footnotes":""},"categories":[8],"tags":[7691,9050,757,1499,9048,9051,9049,166],"class_list":["post-38396","post","type-post","status-publish","format-standard","has-post-thumbnail","category-internacional","tag-paris","tag-culinaria","tag-francia","tag-gastronomia","tag-mantequilla","tag-productos-artesanales","tag-torre-eiffel","tag-turismo"],"aioseo_notices":[],"aioseo_head":"\n\t\t<!-- All in One SEO Pro 4.8.3.2 - aioseo.com -->\n\t<meta name=\"description\" content=\"Una tienda especializada en mantequilla abri\u00f3 el mes pasado cerca de la Torre Eiffel y re\u00fane unas 30 variedades de productores familiares de Francia.\" \/>\n\t<meta name=\"robots\" content=\"max-image-preview:large\" \/>\n\t<meta name=\"author\" content=\"Ryan\"\/>\n\t<link rel=\"canonical\" href=\"https:\/\/staytv.cr\/index.php\/2026\/09\/02\/abre-paris-boutique-dedicada-solo-mantequilla\/\" \/>\n\t<meta name=\"generator\" content=\"All in One SEO Pro (AIOSEO) 4.8.3.2\" \/>\n\t\t<meta property=\"og:locale\" content=\"zh_TW\" \/>\n\t\t<meta property=\"og:site_name\" content=\"Staytv - Medio de comunicaci\u00f3n digital de Costa Rica.\" \/>\n\t\t<meta property=\"og:type\" content=\"article\" \/>\n\t\t<meta property=\"og:title\" content=\"Abre en Par\u00eds una boutique dedicada solo a mantequilla\" \/>\n\t\t<meta property=\"og:description\" content=\"Una tienda especializada en mantequilla abri\u00f3 el mes pasado cerca de la Torre Eiffel y re\u00fane unas 30 variedades de productores familiares de Francia.\" \/>\n\t\t<meta property=\"og:url\" content=\"https:\/\/staytv.cr\/index.php\/2026\/09\/02\/abre-paris-boutique-dedicada-solo-mantequilla\/\" \/>\n\t\t<meta property=\"og:image\" content=\"https:\/\/staytv.cr\/wp-content\/uploads\/Sin-titulo-2-303.png\" \/>\n\t\t<meta property=\"og:image:secure_url\" content=\"https:\/\/staytv.cr\/wp-content\/uploads\/Sin-titulo-2-303.png\" \/>\n\t\t<meta property=\"og:image:width\" content=\"1200\" \/>\n\t\t<meta property=\"og:image:height\" content=\"630\" \/>\n\t\t<meta property=\"article:published_time\" content=\"2026-09-02T14:15:51+00:00\" \/>\n\t\t<meta property=\"article:modified_time\" content=\"2026-09-01T15:13:21+00:00\" \/>\n\t\t<meta property=\"article:publisher\" content=\"https:\/\/www.facebook.com\/staytvcr\" \/>\n\t\t<meta name=\"twitter:card\" content=\"summary_large_image\" \/>\n\t\t<meta name=\"twitter:title\" content=\"Abre en Par\u00eds una boutique dedicada solo a mantequilla\" \/>\n\t\t<meta name=\"twitter:description\" content=\"Una tienda especializada en mantequilla abri\u00f3 el mes pasado cerca de la Torre Eiffel y re\u00fane unas 30 variedades de productores familiares de Francia.\" \/>\n\t\t<meta name=\"twitter:image\" content=\"https:\/\/staytv.cr\/wp-content\/uploads\/Sin-titulo-2-303.png\" \/>\n\t\t<script type=\"application\/ld+json\" class=\"aioseo-schema\">\n\t\t\t{\"@context\":\"https:\\\/\\\/schema.org\",\"@graph\":[{\"@type\":\"BreadcrumbList\",\"@id\":\"https:\\\/\\\/staytv.cr\\\/index.php\\\/2026\\\/09\\\/02\\\/abre-paris-boutique-dedicada-solo-mantequilla\\\/#breadcrumblist\",\"itemListElement\":[{\"@type\":\"ListItem\",\"@id\":\"https:\\\/\\\/staytv.cr#listItem\",\"position\":1,\"name\":\"Home\",\"item\":\"https:\\\/\\\/staytv.cr\",\"nextItem\":{\"@type\":\"ListItem\",\"@id\":\"https:\\\/\\\/staytv.cr\\\/index.php\\\/category\\\/internacional\\\/#listItem\",\"name\":\"INTERNACIONAL\"}},{\"@type\":\"ListItem\",\"@id\":\"https:\\\/\\\/staytv.cr\\\/index.php\\\/category\\\/internacional\\\/#listItem\",\"position\":2,\"name\":\"INTERNACIONAL\",\"item\":\"https:\\\/\\\/staytv.cr\\\/index.php\\\/category\\\/internacional\\\/\",\"nextItem\":{\"@type\":\"ListItem\",\"@id\":\"https:\\\/\\\/staytv.cr\\\/index.php\\\/2026\\\/09\\\/02\\\/abre-paris-boutique-dedicada-solo-mantequilla\\\/#listItem\",\"name\":\"\\u00bfMantequilla como producto de lujo? La novedosa apuesta gastron\\u00f3mica que conquista la capital francesa\"},\"previousItem\":{\"@type\":\"ListItem\",\"@id\":\"https:\\\/\\\/staytv.cr#listItem\",\"name\":\"Home\"}},{\"@type\":\"ListItem\",\"@id\":\"https:\\\/\\\/staytv.cr\\\/index.php\\\/2026\\\/09\\\/02\\\/abre-paris-boutique-dedicada-solo-mantequilla\\\/#listItem\",\"position\":3,\"name\":\"\\u00bfMantequilla como producto de lujo? La novedosa apuesta gastron\\u00f3mica que conquista la capital francesa\",\"previousItem\":{\"@type\":\"ListItem\",\"@id\":\"https:\\\/\\\/staytv.cr\\\/index.php\\\/category\\\/internacional\\\/#listItem\",\"name\":\"INTERNACIONAL\"}}]},{\"@type\":\"Organization\",\"@id\":\"https:\\\/\\\/staytv.cr\\\/#organization\",\"name\":\"Stay TV\",\"description\":\"Stay TV es un medio digital de noticias con base en Centroam\\u00e9rica, con cobertura local e internacional desde una mirada asi\\u00e1tica.\",\"url\":\"https:\\\/\\\/staytv.cr\\\/\",\"logo\":{\"@type\":\"ImageObject\",\"url\":\"https:\\\/\\\/staytv.cr\\\/wp-content\\\/uploads\\\/cropped-StayTV_logo_oficial_simple.png\",\"@id\":\"https:\\\/\\\/staytv.cr\\\/index.php\\\/2026\\\/09\\\/02\\\/abre-paris-boutique-dedicada-solo-mantequilla\\\/#organizationLogo\",\"width\":2560,\"height\":769},\"image\":{\"@id\":\"https:\\\/\\\/staytv.cr\\\/index.php\\\/2026\\\/09\\\/02\\\/abre-paris-boutique-dedicada-solo-mantequilla\\\/#organizationLogo\"},\"sameAs\":[\"https:\\\/\\\/www.instagram.com\\\/staytvcr\\\/\"]},{\"@type\":\"Person\",\"@id\":\"https:\\\/\\\/staytv.cr\\\/index.php\\\/author\\\/ryantv\\\/#author\",\"url\":\"https:\\\/\\\/staytv.cr\\\/index.php\\\/author\\\/ryantv\\\/\",\"name\":\"Ryan\",\"image\":{\"@type\":\"ImageObject\",\"url\":\"https:\\\/\\\/secure.gravatar.com\\\/avatar\\\/f95152fd26e0540ce723631868753fd2ae822574fa609b52b1b123eea57755e2?s=96&d=mm&r=g\"}},{\"@type\":\"WebPage\",\"@id\":\"https:\\\/\\\/staytv.cr\\\/index.php\\\/2026\\\/09\\\/02\\\/abre-paris-boutique-dedicada-solo-mantequilla\\\/#webpage\",\"url\":\"https:\\\/\\\/staytv.cr\\\/index.php\\\/2026\\\/09\\\/02\\\/abre-paris-boutique-dedicada-solo-mantequilla\\\/\",\"name\":\"Abre en Par\\u00eds una boutique dedicada solo a mantequilla\",\"description\":\"Una tienda especializada en mantequilla abri\\u00f3 el mes pasado cerca de la Torre Eiffel y re\\u00fane unas 30 variedades de productores familiares de Francia.\",\"inLanguage\":\"zh-TW\",\"isPartOf\":{\"@id\":\"https:\\\/\\\/staytv.cr\\\/#website\"},\"breadcrumb\":{\"@id\":\"https:\\\/\\\/staytv.cr\\\/index.php\\\/2026\\\/09\\\/02\\\/abre-paris-boutique-dedicada-solo-mantequilla\\\/#breadcrumblist\"},\"author\":{\"@id\":\"https:\\\/\\\/staytv.cr\\\/index.php\\\/author\\\/ryantv\\\/#author\"},\"creator\":{\"@id\":\"https:\\\/\\\/staytv.cr\\\/index.php\\\/author\\\/ryantv\\\/#author\"},\"image\":{\"@type\":\"ImageObject\",\"url\":\"https:\\\/\\\/staytv.cr\\\/wp-content\\\/uploads\\\/Sin-titulo-2-303.png\",\"@id\":\"https:\\\/\\\/staytv.cr\\\/index.php\\\/2026\\\/09\\\/02\\\/abre-paris-boutique-dedicada-solo-mantequilla\\\/#mainImage\",\"width\":1200,\"height\":630,\"caption\":\"Vitrina elegante de una boutique en Par\\u00eds exhibiendo diferentes variedades de mantequilla artesanal francesa.\"},\"primaryImageOfPage\":{\"@id\":\"https:\\\/\\\/staytv.cr\\\/index.php\\\/2026\\\/09\\\/02\\\/abre-paris-boutique-dedicada-solo-mantequilla\\\/#mainImage\"},\"datePublished\":\"2026-09-02T08:15:51-06:00\",\"dateModified\":\"2026-09-01T09:13:21-06:00\"},{\"@type\":\"WebSite\",\"@id\":\"https:\\\/\\\/staytv.cr\\\/#website\",\"url\":\"https:\\\/\\\/staytv.cr\\\/\",\"name\":\"Staytv\",\"description\":\"Medio de comunicaci\\u00f3n digital de Costa Rica.\",\"inLanguage\":\"zh-TW\",\"publisher\":{\"@id\":\"https:\\\/\\\/staytv.cr\\\/#organization\"}}]}\n\t\t<\/script>\n\t\t<!-- All in One SEO Pro -->\r\n\t\t<title>Abre en Par\u00eds una boutique dedicada solo a mantequilla<\/title>\n\n","aioseo_head_json":{"title":"Abre en Par\u00eds una boutique dedicada solo a mantequilla","description":"Una tienda especializada en mantequilla abri\u00f3 el mes pasado cerca de la Torre Eiffel y re\u00fane unas 30 variedades de productores familiares de Francia.","canonical_url":"https:\/\/staytv.cr\/index.php\/2026\/09\/02\/abre-paris-boutique-dedicada-solo-mantequilla\/","robots":"max-image-preview:large","keywords":"","webmasterTools":{"miscellaneous":""},"schema":{"@context":"https:\/\/schema.org","@graph":[{"@type":"BreadcrumbList","@id":"https:\/\/staytv.cr\/index.php\/2026\/09\/02\/abre-paris-boutique-dedicada-solo-mantequilla\/#breadcrumblist","itemListElement":[{"@type":"ListItem","@id":"https:\/\/staytv.cr#listItem","position":1,"name":"Home","item":"https:\/\/staytv.cr","nextItem":{"@type":"ListItem","@id":"https:\/\/staytv.cr\/index.php\/category\/internacional\/#listItem","name":"INTERNACIONAL"}},{"@type":"ListItem","@id":"https:\/\/staytv.cr\/index.php\/category\/internacional\/#listItem","position":2,"name":"INTERNACIONAL","item":"https:\/\/staytv.cr\/index.php\/category\/internacional\/","nextItem":{"@type":"ListItem","@id":"https:\/\/staytv.cr\/index.php\/2026\/09\/02\/abre-paris-boutique-dedicada-solo-mantequilla\/#listItem","name":"\u00bfMantequilla como producto de lujo? La novedosa apuesta gastron\u00f3mica que conquista la capital francesa"},"previousItem":{"@type":"ListItem","@id":"https:\/\/staytv.cr#listItem","name":"Home"}},{"@type":"ListItem","@id":"https:\/\/staytv.cr\/index.php\/2026\/09\/02\/abre-paris-boutique-dedicada-solo-mantequilla\/#listItem","position":3,"name":"\u00bfMantequilla como producto de lujo? La novedosa apuesta gastron\u00f3mica que conquista la capital francesa","previousItem":{"@type":"ListItem","@id":"https:\/\/staytv.cr\/index.php\/category\/internacional\/#listItem","name":"INTERNACIONAL"}}]},{"@type":"Organization","@id":"https:\/\/staytv.cr\/#organization","name":"Stay TV","description":"Stay TV es un medio digital de noticias con base en Centroam\u00e9rica, con cobertura local e internacional desde una mirada asi\u00e1tica.","url":"https:\/\/staytv.cr\/","logo":{"@type":"ImageObject","url":"https:\/\/staytv.cr\/wp-content\/uploads\/cropped-StayTV_logo_oficial_simple.png","@id":"https:\/\/staytv.cr\/index.php\/2026\/09\/02\/abre-paris-boutique-dedicada-solo-mantequilla\/#organizationLogo","width":2560,"height":769},"image":{"@id":"https:\/\/staytv.cr\/index.php\/2026\/09\/02\/abre-paris-boutique-dedicada-solo-mantequilla\/#organizationLogo"},"sameAs":["https:\/\/www.instagram.com\/staytvcr\/"]},{"@type":"Person","@id":"https:\/\/staytv.cr\/index.php\/author\/ryantv\/#author","url":"https:\/\/staytv.cr\/index.php\/author\/ryantv\/","name":"Ryan","image":{"@type":"ImageObject","url":"https:\/\/secure.gravatar.com\/avatar\/f95152fd26e0540ce723631868753fd2ae822574fa609b52b1b123eea57755e2?s=96&d=mm&r=g"}},{"@type":"WebPage","@id":"https:\/\/staytv.cr\/index.php\/2026\/09\/02\/abre-paris-boutique-dedicada-solo-mantequilla\/#webpage","url":"https:\/\/staytv.cr\/index.php\/2026\/09\/02\/abre-paris-boutique-dedicada-solo-mantequilla\/","name":"Abre en Par\u00eds una boutique dedicada solo a mantequilla","description":"Una tienda especializada en mantequilla abri\u00f3 el mes pasado cerca de la Torre Eiffel y re\u00fane unas 30 variedades de productores familiares de Francia.","inLanguage":"zh-TW","isPartOf":{"@id":"https:\/\/staytv.cr\/#website"},"breadcrumb":{"@id":"https:\/\/staytv.cr\/index.php\/2026\/09\/02\/abre-paris-boutique-dedicada-solo-mantequilla\/#breadcrumblist"},"author":{"@id":"https:\/\/staytv.cr\/index.php\/author\/ryantv\/#author"},"creator":{"@id":"https:\/\/staytv.cr\/index.php\/author\/ryantv\/#author"},"image":{"@type":"ImageObject","url":"https:\/\/staytv.cr\/wp-content\/uploads\/Sin-titulo-2-303.png","@id":"https:\/\/staytv.cr\/index.php\/2026\/09\/02\/abre-paris-boutique-dedicada-solo-mantequilla\/#mainImage","width":1200,"height":630,"caption":"Vitrina elegante de una boutique en Par\u00eds exhibiendo diferentes variedades de mantequilla artesanal francesa."},"primaryImageOfPage":{"@id":"https:\/\/staytv.cr\/index.php\/2026\/09\/02\/abre-paris-boutique-dedicada-solo-mantequilla\/#mainImage"},"datePublished":"2026-09-02T08:15:51-06:00","dateModified":"2026-09-01T09:13:21-06:00"},{"@type":"WebSite","@id":"https:\/\/staytv.cr\/#website","url":"https:\/\/staytv.cr\/","name":"Staytv","description":"Medio de comunicaci\u00f3n digital de Costa Rica.","inLanguage":"zh-TW","publisher":{"@id":"https:\/\/staytv.cr\/#organization"}}]},"og:locale":"zh_TW","og:site_name":"Staytv - Medio de comunicaci\u00f3n digital de Costa Rica.","og:type":"article","og:title":"Abre en Par\u00eds una boutique dedicada solo a mantequilla","og:description":"Una tienda especializada en mantequilla abri\u00f3 el mes pasado cerca de la Torre Eiffel y re\u00fane unas 30 variedades de productores familiares de Francia.","og:url":"https:\/\/staytv.cr\/index.php\/2026\/09\/02\/abre-paris-boutique-dedicada-solo-mantequilla\/","og:image":"https:\/\/staytv.cr\/wp-content\/uploads\/Sin-titulo-2-303.png","og:image:secure_url":"https:\/\/staytv.cr\/wp-content\/uploads\/Sin-titulo-2-303.png","og:image:width":1200,"og:image:height":630,"article:published_time":"2026-09-02T14:15:51+00:00","article:modified_time":"2026-09-01T15:13:21+00:00","article:publisher":"https:\/\/www.facebook.com\/staytvcr","twitter:card":"summary_large_image","twitter:title":"Abre en Par\u00eds una boutique dedicada solo a mantequilla","twitter:description":"Una tienda especializada en mantequilla abri\u00f3 el mes pasado cerca de la Torre Eiffel y re\u00fane unas 30 variedades de productores familiares de Francia.","twitter:image":"https:\/\/staytv.cr\/wp-content\/uploads\/Sin-titulo-2-303.png"},"aioseo_meta_data":{"post_id":"38396","title":"Abre en Par\u00eds una boutique dedicada solo a mantequilla","description":"Una tienda especializada en mantequilla abri\u00f3 el mes pasado cerca de la Torre Eiffel y re\u00fane unas 30 variedades de productores familiares de Francia.","keywords":null,"keyphrases":{"focus":{"keyphrase":"Mantequilla","score":91,"analysis":{"keyphraseInTitle":{"score":9,"maxScore":9,"error":0},"keyphraseInDescription":{"score":9,"maxScore":9,"error":0},"keyphraseLength":{"score":9,"maxScore":9,"error":0,"length":1},"keyphraseInURL":{"score":5,"maxScore":5,"error":0},"keyphraseInIntroduction":{"score":9,"maxScore":9,"error":0},"keyphraseInSubHeadings":{"score":3,"maxScore":9,"error":1},"keyphraseInImageAlt":{"score":9,"maxScore":9,"error":0},"keywordDensity":{"type":"best","score":9,"maxScore":9,"error":0}}},"additional":[]},"canonical_url":null,"og_title":null,"og_description":null,"og_object_type":"default","og_image_type":"default","og_image_custom_url":null,"og_image_custom_fields":null,"og_custom_image_width":null,"og_custom_image_height":null,"og_video":"","og_custom_url":null,"og_article_section":null,"og_article_tags":null,"twitter_use_og":true,"twitter_card":"default","twitter_image_type":"default","twitter_image_custom_url":null,"twitter_image_custom_fields":null,"twitter_title":null,"twitter_description":null,"schema_type":null,"schema_type_options":null,"pillar_content":false,"robots_default":true,"robots_noindex":false,"robots_noarchive":false,"robots_nosnippet":false,"robots_nofollow":false,"robots_noimageindex":false,"robots_noodp":false,"robots_notranslate":false,"robots_max_snippet":"-1","robots_max_videopreview":"-1","robots_max_imagepreview":"large","tabs":null,"priority":null,"frequency":"default","local_seo":null,"created":"2026-09-01 10:02:24","updated":"2026-09-02 14:15:52"},"aioseo_breadcrumb":"<div class=\"aioseo-breadcrumbs\"><span class=\"aioseo-breadcrumb\">\n\t<a href=\"https:\/\/staytv.cr\" title=\"Home\">Home<\/a>\n<\/span><span class=\"aioseo-breadcrumb-separator\">&raquo;<\/span><span class=\"aioseo-breadcrumb\">\n\t<a href=\"https:\/\/staytv.cr\/index.php\/category\/internacional\/\" title=\"INTERNACIONAL\">INTERNACIONAL<\/a>\n<\/span><span class=\"aioseo-breadcrumb-separator\">&raquo;<\/span><span class=\"aioseo-breadcrumb\">\n\t\u00bfMantequilla como producto de lujo? La novedosa apuesta gastron\u00f3mica que conquista la capital francesa\n<\/span><\/div>","aioseo_breadcrumb_json":[{"label":"Home","link":"https:\/\/staytv.cr"},{"label":"INTERNACIONAL","link":"https:\/\/staytv.cr\/index.php\/category\/internacional\/"},{"label":"\u00bfMantequilla como producto de lujo? La novedosa apuesta gastron\u00f3mica que conquista la capital francesa","link":"https:\/\/staytv.cr\/index.php\/2026\/09\/02\/abre-paris-boutique-dedicada-solo-mantequilla\/"}],"_links":{"self":[{"href":"https:\/\/staytv.cr\/index.php\/wp-json\/wp\/v2\/posts\/38396","targetHints":{"allow":["GET"]}}],"collection":[{"href":"https:\/\/staytv.cr\/index.php\/wp-json\/wp\/v2\/posts"}],"about":[{"href":"https:\/\/staytv.cr\/index.php\/wp-json\/wp\/v2\/types\/post"}],"author":[{"embeddable":true,"href":"https:\/\/staytv.cr\/index.php\/wp-json\/wp\/v2\/users\/11"}],"replies":[{"embeddable":true,"href":"https:\/\/staytv.cr\/index.php\/wp-json\/wp\/v2\/comments?post=38396"}],"version-history":[{"count":3,"href":"https:\/\/staytv.cr\/index.php\/wp-json\/wp\/v2\/posts\/38396\/revisions"}],"predecessor-version":[{"id":38410,"href":"https:\/\/staytv.cr\/index.php\/wp-json\/wp\/v2\/posts\/38396\/revisions\/38410"}],"wp:featuredmedia":[{"embeddable":true,"href":"https:\/\/staytv.cr\/index.php\/wp-json\/wp\/v2\/media\/38409"}],"wp:attachment":[{"href":"https:\/\/staytv.cr\/index.php\/wp-json\/wp\/v2\/media?parent=38396"}],"wp:term":[{"taxonomy":"category","embeddable":true,"href":"https:\/\/staytv.cr\/index.php\/wp-json\/wp\/v2\/categories?post=38396"},{"taxonomy":"post_tag","embeddable":true,"href":"https:\/\/staytv.cr\/index.php\/wp-json\/wp\/v2\/tags?post=38396"}],"curies":[{"name":"wp","href":"https:\/\/api.w.org\/{rel}","templated":true}]}}