{"id":38484,"date":"2026-09-02T15:58:19","date_gmt":"2026-09-02T21:58:19","guid":{"rendered":"https:\/\/staytv.cr\/?p=38484"},"modified":"2026-09-02T15:58:19","modified_gmt":"2026-09-02T21:58:19","slug":"choque-de-poderes-gobierno-estalla-contra-jueces-por-liberar-a-peligrosos-criminales-en-cartago","status":"publish","type":"post","link":"https:\/\/staytv.cr\/index.php\/2026\/09\/02\/choque-de-poderes-gobierno-estalla-contra-jueces-por-liberar-a-peligrosos-criminales-en-cartago\/","title":{"rendered":"\u00a1Choque de poderes! Gobierno estalla contra jueces por liberar a peligrosos criminales en Cartago"},"content":{"rendered":"<p><span data-path-to-node=\"0,4,1,0\">Cartago enfrenta una crisis de seguridad mientras el Ejecutivo critica duramente al Poder Judicial por liberar a sospechosos clave del crimen organizado.<\/span><!--more--><!-- CAJA DE VIDEO + DOFOLLOW (RESPONSIVE) --><\/p>\n<div style=\"margin: 20px 0; width: 100%;\">\n<p><!-- CONTENEDOR VIDEO 16:9 --><\/p>\n<div style=\"position: relative; width: 100%; padding-bottom: 56.25%; height: 0; overflow: hidden; border-radius: 12px;\"><iframe style=\"position: absolute; top: 0; left: 0; width: 100%; height: 100%; border: 0;\" data-src=\"https:\/\/www.youtube.com\/embed\/YJ-ZY6ZgnAQ?enablejsapi=1\" allowfullscreen=\"allowfullscreen\" src=\"data:image\/svg+xml;base64,PHN2ZyB3aWR0aD0iMSIgaGVpZ2h0PSIxIiB4bWxucz0iaHR0cDovL3d3dy53My5vcmcvMjAwMC9zdmciPjwvc3ZnPg==\" class=\"lazyload\" data-load-mode=\"1\"><br \/>\n<\/iframe><\/div>\n<p><!-- ENLACE DOFOLLOW (SIN ATRIBUTOS REL) --><\/p>\n<p style=\"margin-top: 12px; font-size: 15px;\"><strong>Recurso externo:<\/strong><br \/>\n<a href=\"https:\/\/youtu.be\/YJ-ZY6ZgnAQ\">Ver video completo en YouTube<\/a><\/p>\n<\/div>\n<h1>Gobierno lanza duras cr\u00edticas contra el Poder Judicial por la liberaci\u00f3n de sospechosos detenidos en Cartago<\/h1>\n<p>La tensi\u00f3n institucional entre el Poder Ejecutivo y los \u00f3rganos judiciales ha escalado a niveles sin precedentes tras una conferencia de prensa en la que el Gobierno de la Rep\u00fablica cuestion\u00f3 con extrema dureza las decisiones de los tribunales. El foco de la controversia se centra en la provincia de <strong>Cartago<\/strong>, donde las autoridades de seguridad han desplegado operativos masivos para frenar la ola de criminalidad que azota la regi\u00f3n. Seg\u00fan los datos oficiales expuestos por el Ejecutivo, de un total de 51 v\u00edctimas recientes de homicidios y enfrentamientos vinculados al crimen organizado, 34 personas estaban directamente relacionadas con estructuras criminales y 39 contaban con antecedentes o causas abiertas en los juzgados, pero se manten\u00edan en absoluta libertad sin responder ante la justicia.<\/p>\n<p>Ante este panorama de impunidad percibida, el Ministerio de Seguridad P\u00fablica, en coordinaci\u00f3n con la Direcci\u00f3n de Inteligencia y Seguridad (DIS), puso en marcha una ofensiva directa para capturar a 14 sujetos de alta peligrosidad requeridos por la ley. A pocos d\u00edas de haber iniciado estas acciones t\u00e1cticas, las fuerzas policiales lograron la captura de seis de los objetivos prioritarios. Entre las detenciones destacan la de un hombre de apellido Medrano en Los Diques, una mujer de apellido Lor\u00eda vinculada a la estructura de &#8220;Los Geris&#8221; en El Tejar del El Guarco, adem\u00e1s de aprehensiones en Corredores, Orosi y Para\u00edso, donde cay\u00f3 un sujeto de apellido Monestel, catalogado como uno de los sicarios m\u00e1s peligrosos de la zona. No obstante, el malestar del Gobierno surgi\u00f3 cuando el sistema judicial determin\u00f3 que, de los seis arrestados, solo cuatro descontar\u00e1n prisi\u00f3n preventiva, mientras que otro fue beneficiado con monitoreo electr\u00f3nico mediante tobillera, medida calificada por el Ejecutivo como insuficiente para criminales de alta peligrosidad.<\/p>\n<h2>Cr\u00edticas al Poder Judicial por liberaciones y jueces cuestionados<\/h2>\n<p>La frustraci\u00f3n del Gobierno no se limit\u00f3 a los resultados en la provincia brumosa, sino que expuso casos de alto impacto nacional que han generado indignaci\u00f3n ciudadana. El Ejecutivo cuestion\u00f3 duramente la actuaci\u00f3n del juez penal de Lim\u00f3n, V\u00edctor Perlaza Rojas, quien recientemente dej\u00f3 en libertad con medidas cautelares menores a la esposa de alias &#8220;Pecho de Rata&#8221;, una mujer de apellido Smith investigada por legitimaci\u00f3n de capitales y asociaci\u00f3n il\u00edcita. La sospechosa \u00fanicamente debe firmar cada quince d\u00edas, entregar su pasaporte y mantener impedimento de salida del pa\u00eds. Durante la exposici\u00f3n, las autoridades recordaron el cuestionado historial del juez Perlaza, se\u00f1alando antecedentes como el caso de 2018 donde no asisti\u00f3 a la lectura de una sentencia de 16 a\u00f1os contra un violador \u2014lo que anul\u00f3 el juicio\u2014 y el suceso de 2020 en el que liber\u00f3 a cuatro ciudadanos colombianos detenidos con 1.200 kilos de marihuana, quienes posteriormente terminaron fug\u00e1ndose.<\/p>\n<p>El pulso institucional se torn\u00f3 a\u00fan m\u00e1s tenso al abordar el esc\u00e1ndalo de corrupci\u00f3n interna dentro de los tribunales. El Organismo de Investigaci\u00f3n Judicial (OIJ) y la Fiscal\u00eda General concretaron la detenci\u00f3n de dos jueces penales y un agente del propio OIJ en Pococ\u00ed, se\u00f1alados de presuntamente integrar una red de complicidad para favorecer los intereses criminales de la organizaci\u00f3n liderada por Alejandro Arias Monge, alias &#8220;Diablo&#8221;. Para el mandatario y su equipo de gobierno, resulta alarmante descubrir que las estructuras criminales hab\u00edan logrado infiltrar despachos judiciales al punto de contar con funcionarios y operadores comprados para torcer la ley y garantizar impunidad.<\/p>\n<h2>Acciones urgentes y d\u00e9ficit cr\u00edtico en la flota vehicular policial<\/h2>\n<p>Lejos de frenar las operaciones ante los obst\u00e1culos institucionales, el Ministerio de Seguridad P\u00fablica confirm\u00f3 que los operativos contin\u00faan a nivel nacional. En una intervenci\u00f3n paralela desarrollada en Ciudad Quesada contra la misma red de &#8220;Diablo&#8221;, las autoridades asestaron un nuevo golpe con el allanamiento de 18 inmuebles y la captura de 13 personas, de las cuales cinco ya se encontraban recluidas en centros penales. Sin embargo, el ministro de Seguridad, Gerald Campos, reconoci\u00f3 que las instituciones enfrentan graves limitaciones log\u00edsticas, especialmente en lo que respecta a la movilidad de los oficiales en las calles.<\/p>\n<p>Ante la consulta sobre el estado de la flota vehicular, el jerarca admiti\u00f3 una situaci\u00f3n cr\u00edtica: el pa\u00eds cuenta con m\u00e1s de 3.000 unidades policiales inhabilitadas por falta de reparaciones. Para solventar esta emergencia operativa de forma inmediata, el presidente de la Rep\u00fablica gir\u00f3 una orden directa al equipo del Instituto Costarricense sobre Drogas (ICD) para realizar un inventario exhaustivo de todos los veh\u00edculos, camiones, microbuses y cuadraciclos que han sido asignados a diferentes instituciones estatales, municipalidades y asociaciones privadas. El mandatario advirti\u00f3 que, salvo casos de fuerza mayor, dichos recursos ser\u00e1n requisados y reasignados de manera prioritaria a la Fuerza P\u00fablica, reafirmando que el combate frontal contra el crimen organizado es hoy por hoy la prioridad n\u00famero uno del Estado costarricense.<\/p>\n<p>Con informaci\u00f3n para STAY TV: <a href=\"https:\/\/www.staytv.com\">STAY TV<\/a><\/p>\n<div class=\"container\">\n<div id=\"model-response-message-contentr_033855246620ed66\" class=\"markdown markdown-main-panel md-content enable-luminous-fast-follows enable-updated-hr-color stronger\" dir=\"ltr\" aria-busy=\"false\" aria-live=\"polite\">\n<p data-path-to-node=\"4\"><b data-path-to-node=\"4\" data-index-in-node=\"0\">Fuente Consultada:<\/b> Transcripci\u00f3n oficial de la conferencia de prensa del Poder Ejecutivo y del Ministerio de Seguridad P\u00fablica sobre los operativos en Cartago, la situaci\u00f3n presupuestaria y las acciones contra el crimen organizado (septiembre de 2026).<\/p>\n<\/div>\n<\/div>\n","protected":false},"excerpt":{"rendered":"<p>Cartago enfrenta una crisis de seguridad mientras el Ej [&hellip;]<\/p>\n","protected":false},"author":10,"featured_media":38485,"comment_status":"open","ping_status":"open","sticky":false,"template":"","format":"standard","meta":{"_monsterinsights_skip_tracking":false,"_monsterinsights_sitenote_active":false,"_monsterinsights_sitenote_note":"","_monsterinsights_sitenote_category":0,"episode_type":"","audio_file":"","podmotor_file_id":"","podmotor_episode_id":"","cover_image":"","cover_image_id":"","duration":"","filesize":"","filesize_raw":"","date_recorded":"","explicit":"","block":"","itunes_episode_number":"","itunes_title":"","itunes_season_number":"","itunes_episode_type":"","footnotes":""},"categories":[13],"tags":[1096,70,5021,6077,130,275,1539,157],"class_list":["post-38484","post","type-post","status-publish","format-standard","has-post-thumbnail","category-nacional","tag-cartago","tag-costa-rica","tag-criminalidad","tag-gerald-campos","tag-oij","tag-poder-judicial","tag-rodrigo-chaves","tag-seguridad"],"aioseo_notices":[],"aioseo_head":"\n\t\t<!-- All in One SEO Pro 4.8.3.2 - aioseo.com -->\n\t<meta name=\"description\" content=\"Cartago enfrenta una crisis de seguridad mientras el Ejecutivo critica duramente al Poder Judicial por liberar a sospechosos clave del crimen organizado.\" \/>\n\t<meta name=\"robots\" content=\"max-image-preview:large\" \/>\n\t<meta name=\"author\" content=\"Diego Molina\"\/>\n\t<link rel=\"canonical\" href=\"https:\/\/staytv.cr\/index.php\/2026\/09\/02\/choque-de-poderes-gobierno-estalla-contra-jueces-por-liberar-a-peligrosos-criminales-en-cartago\/\" \/>\n\t<meta name=\"generator\" content=\"All in One SEO Pro (AIOSEO) 4.8.3.2\" \/>\n\t\t<meta property=\"og:locale\" content=\"zh_TW\" \/>\n\t\t<meta property=\"og:site_name\" content=\"Staytv - Medio de comunicaci\u00f3n digital de Costa Rica.\" \/>\n\t\t<meta property=\"og:type\" content=\"article\" \/>\n\t\t<meta property=\"og:title\" content=\"Cartago: Gobierno arremete contra el Poder Judicial por liberaci\u00f3n de sospechosos\" \/>\n\t\t<meta property=\"og:description\" content=\"Cartago enfrenta una crisis de seguridad mientras el Ejecutivo critica duramente al Poder Judicial por liberar a sospechosos clave del crimen organizado.\" \/>\n\t\t<meta property=\"og:url\" content=\"https:\/\/staytv.cr\/index.php\/2026\/09\/02\/choque-de-poderes-gobierno-estalla-contra-jueces-por-liberar-a-peligrosos-criminales-en-cartago\/\" \/>\n\t\t<meta property=\"og:image\" content=\"https:\/\/staytv.cr\/wp-content\/uploads\/Sin-titulo-8-264.png\" \/>\n\t\t<meta property=\"og:image:secure_url\" content=\"https:\/\/staytv.cr\/wp-content\/uploads\/Sin-titulo-8-264.png\" \/>\n\t\t<meta property=\"og:image:width\" content=\"1200\" \/>\n\t\t<meta property=\"og:image:height\" content=\"630\" \/>\n\t\t<meta property=\"article:published_time\" content=\"2026-09-02T21:58:19+00:00\" \/>\n\t\t<meta property=\"article:modified_time\" content=\"2026-09-02T21:58:19+00:00\" \/>\n\t\t<meta property=\"article:publisher\" content=\"https:\/\/www.facebook.com\/staytvcr\" \/>\n\t\t<meta name=\"twitter:card\" content=\"summary_large_image\" \/>\n\t\t<meta name=\"twitter:title\" content=\"Cartago: Gobierno arremete contra el Poder Judicial por liberaci\u00f3n de sospechosos\" \/>\n\t\t<meta name=\"twitter:description\" content=\"Cartago enfrenta una crisis de seguridad mientras el Ejecutivo critica duramente al Poder Judicial por liberar a sospechosos clave del crimen organizado.\" \/>\n\t\t<meta name=\"twitter:image\" content=\"https:\/\/staytv.cr\/wp-content\/uploads\/Sin-titulo-8-264.png\" \/>\n\t\t<script type=\"application\/ld+json\" class=\"aioseo-schema\">\n\t\t\t{\"@context\":\"https:\\\/\\\/schema.org\",\"@graph\":[{\"@type\":\"BreadcrumbList\",\"@id\":\"https:\\\/\\\/staytv.cr\\\/index.php\\\/2026\\\/09\\\/02\\\/choque-de-poderes-gobierno-estalla-contra-jueces-por-liberar-a-peligrosos-criminales-en-cartago\\\/#breadcrumblist\",\"itemListElement\":[{\"@type\":\"ListItem\",\"@id\":\"https:\\\/\\\/staytv.cr#listItem\",\"position\":1,\"name\":\"Home\",\"item\":\"https:\\\/\\\/staytv.cr\",\"nextItem\":{\"@type\":\"ListItem\",\"@id\":\"https:\\\/\\\/staytv.cr\\\/index.php\\\/category\\\/nacional\\\/#listItem\",\"name\":\"NACIONAL\"}},{\"@type\":\"ListItem\",\"@id\":\"https:\\\/\\\/staytv.cr\\\/index.php\\\/category\\\/nacional\\\/#listItem\",\"position\":2,\"name\":\"NACIONAL\",\"item\":\"https:\\\/\\\/staytv.cr\\\/index.php\\\/category\\\/nacional\\\/\",\"nextItem\":{\"@type\":\"ListItem\",\"@id\":\"https:\\\/\\\/staytv.cr\\\/index.php\\\/2026\\\/09\\\/02\\\/choque-de-poderes-gobierno-estalla-contra-jueces-por-liberar-a-peligrosos-criminales-en-cartago\\\/#listItem\",\"name\":\"\\u00a1Choque de poderes! Gobierno estalla contra jueces por liberar a peligrosos criminales en Cartago\"},\"previousItem\":{\"@type\":\"ListItem\",\"@id\":\"https:\\\/\\\/staytv.cr#listItem\",\"name\":\"Home\"}},{\"@type\":\"ListItem\",\"@id\":\"https:\\\/\\\/staytv.cr\\\/index.php\\\/2026\\\/09\\\/02\\\/choque-de-poderes-gobierno-estalla-contra-jueces-por-liberar-a-peligrosos-criminales-en-cartago\\\/#listItem\",\"position\":3,\"name\":\"\\u00a1Choque de poderes! Gobierno estalla contra jueces por liberar a peligrosos criminales en Cartago\",\"previousItem\":{\"@type\":\"ListItem\",\"@id\":\"https:\\\/\\\/staytv.cr\\\/index.php\\\/category\\\/nacional\\\/#listItem\",\"name\":\"NACIONAL\"}}]},{\"@type\":\"Organization\",\"@id\":\"https:\\\/\\\/staytv.cr\\\/#organization\",\"name\":\"Stay TV\",\"description\":\"Stay TV es un medio digital de noticias con base en Centroam\\u00e9rica, con cobertura local e internacional desde una mirada asi\\u00e1tica.\",\"url\":\"https:\\\/\\\/staytv.cr\\\/\",\"logo\":{\"@type\":\"ImageObject\",\"url\":\"https:\\\/\\\/staytv.cr\\\/wp-content\\\/uploads\\\/cropped-StayTV_logo_oficial_simple.png\",\"@id\":\"https:\\\/\\\/staytv.cr\\\/index.php\\\/2026\\\/09\\\/02\\\/choque-de-poderes-gobierno-estalla-contra-jueces-por-liberar-a-peligrosos-criminales-en-cartago\\\/#organizationLogo\",\"width\":2560,\"height\":769},\"image\":{\"@id\":\"https:\\\/\\\/staytv.cr\\\/index.php\\\/2026\\\/09\\\/02\\\/choque-de-poderes-gobierno-estalla-contra-jueces-por-liberar-a-peligrosos-criminales-en-cartago\\\/#organizationLogo\"},\"sameAs\":[\"https:\\\/\\\/www.instagram.com\\\/staytvcr\\\/\"]},{\"@type\":\"Person\",\"@id\":\"https:\\\/\\\/staytv.cr\\\/index.php\\\/author\\\/diegostaytv\\\/#author\",\"url\":\"https:\\\/\\\/staytv.cr\\\/index.php\\\/author\\\/diegostaytv\\\/\",\"name\":\"Diego Molina\",\"image\":{\"@type\":\"ImageObject\",\"url\":\"https:\\\/\\\/secure.gravatar.com\\\/avatar\\\/7d23cb63381aa64750c7e76727c208369ebd6f2565e9dc4c62e323b1ea59af41?s=96&d=mm&r=g\"}},{\"@type\":\"WebPage\",\"@id\":\"https:\\\/\\\/staytv.cr\\\/index.php\\\/2026\\\/09\\\/02\\\/choque-de-poderes-gobierno-estalla-contra-jueces-por-liberar-a-peligrosos-criminales-en-cartago\\\/#webpage\",\"url\":\"https:\\\/\\\/staytv.cr\\\/index.php\\\/2026\\\/09\\\/02\\\/choque-de-poderes-gobierno-estalla-contra-jueces-por-liberar-a-peligrosos-criminales-en-cartago\\\/\",\"name\":\"Cartago: Gobierno arremete contra el Poder Judicial por liberaci\\u00f3n de sospechosos\",\"description\":\"Cartago enfrenta una crisis de seguridad mientras el Ejecutivo critica duramente al Poder Judicial por liberar a sospechosos clave del crimen organizado.\",\"inLanguage\":\"zh-TW\",\"isPartOf\":{\"@id\":\"https:\\\/\\\/staytv.cr\\\/#website\"},\"breadcrumb\":{\"@id\":\"https:\\\/\\\/staytv.cr\\\/index.php\\\/2026\\\/09\\\/02\\\/choque-de-poderes-gobierno-estalla-contra-jueces-por-liberar-a-peligrosos-criminales-en-cartago\\\/#breadcrumblist\"},\"author\":{\"@id\":\"https:\\\/\\\/staytv.cr\\\/index.php\\\/author\\\/diegostaytv\\\/#author\"},\"creator\":{\"@id\":\"https:\\\/\\\/staytv.cr\\\/index.php\\\/author\\\/diegostaytv\\\/#author\"},\"image\":{\"@type\":\"ImageObject\",\"url\":\"https:\\\/\\\/staytv.cr\\\/wp-content\\\/uploads\\\/Sin-titulo-8-264.png\",\"@id\":\"https:\\\/\\\/staytv.cr\\\/index.php\\\/2026\\\/09\\\/02\\\/choque-de-poderes-gobierno-estalla-contra-jueces-por-liberar-a-peligrosos-criminales-en-cartago\\\/#mainImage\",\"width\":1200,\"height\":630,\"caption\":\"contra jueces por liberar a peligrosos criminales\"},\"primaryImageOfPage\":{\"@id\":\"https:\\\/\\\/staytv.cr\\\/index.php\\\/2026\\\/09\\\/02\\\/choque-de-poderes-gobierno-estalla-contra-jueces-por-liberar-a-peligrosos-criminales-en-cartago\\\/#mainImage\"},\"datePublished\":\"2026-09-02T15:58:19-06:00\",\"dateModified\":\"2026-09-02T15:58:19-06:00\"},{\"@type\":\"WebSite\",\"@id\":\"https:\\\/\\\/staytv.cr\\\/#website\",\"url\":\"https:\\\/\\\/staytv.cr\\\/\",\"name\":\"Staytv\",\"description\":\"Medio de comunicaci\\u00f3n digital de Costa Rica.\",\"inLanguage\":\"zh-TW\",\"publisher\":{\"@id\":\"https:\\\/\\\/staytv.cr\\\/#organization\"}}]}\n\t\t<\/script>\n\t\t<!-- All in One SEO Pro -->\r\n\t\t<title>Cartago: Gobierno arremete contra el Poder Judicial por liberaci\u00f3n de sospechosos<\/title>\n\n","aioseo_head_json":{"title":"Cartago: Gobierno arremete contra el Poder Judicial por liberaci\u00f3n de sospechosos","description":"Cartago enfrenta una crisis de seguridad mientras el Ejecutivo critica duramente al Poder Judicial por liberar a sospechosos clave del crimen organizado.","canonical_url":"https:\/\/staytv.cr\/index.php\/2026\/09\/02\/choque-de-poderes-gobierno-estalla-contra-jueces-por-liberar-a-peligrosos-criminales-en-cartago\/","robots":"max-image-preview:large","keywords":"","webmasterTools":{"miscellaneous":""},"schema":{"@context":"https:\/\/schema.org","@graph":[{"@type":"BreadcrumbList","@id":"https:\/\/staytv.cr\/index.php\/2026\/09\/02\/choque-de-poderes-gobierno-estalla-contra-jueces-por-liberar-a-peligrosos-criminales-en-cartago\/#breadcrumblist","itemListElement":[{"@type":"ListItem","@id":"https:\/\/staytv.cr#listItem","position":1,"name":"Home","item":"https:\/\/staytv.cr","nextItem":{"@type":"ListItem","@id":"https:\/\/staytv.cr\/index.php\/category\/nacional\/#listItem","name":"NACIONAL"}},{"@type":"ListItem","@id":"https:\/\/staytv.cr\/index.php\/category\/nacional\/#listItem","position":2,"name":"NACIONAL","item":"https:\/\/staytv.cr\/index.php\/category\/nacional\/","nextItem":{"@type":"ListItem","@id":"https:\/\/staytv.cr\/index.php\/2026\/09\/02\/choque-de-poderes-gobierno-estalla-contra-jueces-por-liberar-a-peligrosos-criminales-en-cartago\/#listItem","name":"\u00a1Choque de poderes! Gobierno estalla contra jueces por liberar a peligrosos criminales en Cartago"},"previousItem":{"@type":"ListItem","@id":"https:\/\/staytv.cr#listItem","name":"Home"}},{"@type":"ListItem","@id":"https:\/\/staytv.cr\/index.php\/2026\/09\/02\/choque-de-poderes-gobierno-estalla-contra-jueces-por-liberar-a-peligrosos-criminales-en-cartago\/#listItem","position":3,"name":"\u00a1Choque de poderes! Gobierno estalla contra jueces por liberar a peligrosos criminales en Cartago","previousItem":{"@type":"ListItem","@id":"https:\/\/staytv.cr\/index.php\/category\/nacional\/#listItem","name":"NACIONAL"}}]},{"@type":"Organization","@id":"https:\/\/staytv.cr\/#organization","name":"Stay TV","description":"Stay TV es un medio digital de noticias con base en Centroam\u00e9rica, con cobertura local e internacional desde una mirada asi\u00e1tica.","url":"https:\/\/staytv.cr\/","logo":{"@type":"ImageObject","url":"https:\/\/staytv.cr\/wp-content\/uploads\/cropped-StayTV_logo_oficial_simple.png","@id":"https:\/\/staytv.cr\/index.php\/2026\/09\/02\/choque-de-poderes-gobierno-estalla-contra-jueces-por-liberar-a-peligrosos-criminales-en-cartago\/#organizationLogo","width":2560,"height":769},"image":{"@id":"https:\/\/staytv.cr\/index.php\/2026\/09\/02\/choque-de-poderes-gobierno-estalla-contra-jueces-por-liberar-a-peligrosos-criminales-en-cartago\/#organizationLogo"},"sameAs":["https:\/\/www.instagram.com\/staytvcr\/"]},{"@type":"Person","@id":"https:\/\/staytv.cr\/index.php\/author\/diegostaytv\/#author","url":"https:\/\/staytv.cr\/index.php\/author\/diegostaytv\/","name":"Diego Molina","image":{"@type":"ImageObject","url":"https:\/\/secure.gravatar.com\/avatar\/7d23cb63381aa64750c7e76727c208369ebd6f2565e9dc4c62e323b1ea59af41?s=96&d=mm&r=g"}},{"@type":"WebPage","@id":"https:\/\/staytv.cr\/index.php\/2026\/09\/02\/choque-de-poderes-gobierno-estalla-contra-jueces-por-liberar-a-peligrosos-criminales-en-cartago\/#webpage","url":"https:\/\/staytv.cr\/index.php\/2026\/09\/02\/choque-de-poderes-gobierno-estalla-contra-jueces-por-liberar-a-peligrosos-criminales-en-cartago\/","name":"Cartago: Gobierno arremete contra el Poder Judicial por liberaci\u00f3n de sospechosos","description":"Cartago enfrenta una crisis de seguridad mientras el Ejecutivo critica duramente al Poder Judicial por liberar a sospechosos clave del crimen organizado.","inLanguage":"zh-TW","isPartOf":{"@id":"https:\/\/staytv.cr\/#website"},"breadcrumb":{"@id":"https:\/\/staytv.cr\/index.php\/2026\/09\/02\/choque-de-poderes-gobierno-estalla-contra-jueces-por-liberar-a-peligrosos-criminales-en-cartago\/#breadcrumblist"},"author":{"@id":"https:\/\/staytv.cr\/index.php\/author\/diegostaytv\/#author"},"creator":{"@id":"https:\/\/staytv.cr\/index.php\/author\/diegostaytv\/#author"},"image":{"@type":"ImageObject","url":"https:\/\/staytv.cr\/wp-content\/uploads\/Sin-titulo-8-264.png","@id":"https:\/\/staytv.cr\/index.php\/2026\/09\/02\/choque-de-poderes-gobierno-estalla-contra-jueces-por-liberar-a-peligrosos-criminales-en-cartago\/#mainImage","width":1200,"height":630,"caption":"contra jueces por liberar a peligrosos criminales"},"primaryImageOfPage":{"@id":"https:\/\/staytv.cr\/index.php\/2026\/09\/02\/choque-de-poderes-gobierno-estalla-contra-jueces-por-liberar-a-peligrosos-criminales-en-cartago\/#mainImage"},"datePublished":"2026-09-02T15:58:19-06:00","dateModified":"2026-09-02T15:58:19-06:00"},{"@type":"WebSite","@id":"https:\/\/staytv.cr\/#website","url":"https:\/\/staytv.cr\/","name":"Staytv","description":"Medio de comunicaci\u00f3n digital de Costa Rica.","inLanguage":"zh-TW","publisher":{"@id":"https:\/\/staytv.cr\/#organization"}}]},"og:locale":"zh_TW","og:site_name":"Staytv - Medio de comunicaci\u00f3n digital de Costa Rica.","og:type":"article","og:title":"Cartago: Gobierno arremete contra el Poder Judicial por liberaci\u00f3n de sospechosos","og:description":"Cartago enfrenta una crisis de seguridad mientras el Ejecutivo critica duramente al Poder Judicial por liberar a sospechosos clave del crimen organizado.","og:url":"https:\/\/staytv.cr\/index.php\/2026\/09\/02\/choque-de-poderes-gobierno-estalla-contra-jueces-por-liberar-a-peligrosos-criminales-en-cartago\/","og:image":"https:\/\/staytv.cr\/wp-content\/uploads\/Sin-titulo-8-264.png","og:image:secure_url":"https:\/\/staytv.cr\/wp-content\/uploads\/Sin-titulo-8-264.png","og:image:width":1200,"og:image:height":630,"article:published_time":"2026-09-02T21:58:19+00:00","article:modified_time":"2026-09-02T21:58:19+00:00","article:publisher":"https:\/\/www.facebook.com\/staytvcr","twitter:card":"summary_large_image","twitter:title":"Cartago: Gobierno arremete contra el Poder Judicial por liberaci\u00f3n de sospechosos","twitter:description":"Cartago enfrenta una crisis de seguridad mientras el Ejecutivo critica duramente al Poder Judicial por liberar a sospechosos clave del crimen organizado.","twitter:image":"https:\/\/staytv.cr\/wp-content\/uploads\/Sin-titulo-8-264.png"},"aioseo_meta_data":{"post_id":"38484","title":"Cartago: Gobierno arremete contra el Poder Judicial por liberaci\u00f3n de sospechosos","description":"Cartago enfrenta una crisis de seguridad mientras el Ejecutivo critica duramente al Poder Judicial por liberar a sospechosos clave del crimen organizado.","keywords":null,"keyphrases":{"focus":{"keyphrase":"Cartago","score":69,"analysis":{"keyphraseInTitle":{"score":9,"maxScore":9,"error":0},"keyphraseInDescription":{"score":9,"maxScore":9,"error":0},"keyphraseLength":{"score":9,"maxScore":9,"error":0,"length":1},"keyphraseInURL":{"score":5,"maxScore":5,"error":0},"keyphraseInIntroduction":{"score":9,"maxScore":9,"error":0},"keyphraseInSubHeadings":{"score":3,"maxScore":9,"error":1},"keyphraseInImageAlt":{"score":3,"maxScore":9,"error":1},"keywordDensity":{"score":0,"type":"low","maxScore":9,"error":1}}},"additional":[]},"canonical_url":null,"og_title":null,"og_description":null,"og_object_type":"default","og_image_type":"default","og_image_custom_url":null,"og_image_custom_fields":null,"og_custom_image_width":null,"og_custom_image_height":null,"og_video":"","og_custom_url":null,"og_article_section":null,"og_article_tags":null,"twitter_use_og":true,"twitter_card":"default","twitter_image_type":"default","twitter_image_custom_url":null,"twitter_image_custom_fields":null,"twitter_title":null,"twitter_description":null,"schema_type":null,"schema_type_options":null,"pillar_content":false,"robots_default":true,"robots_noindex":false,"robots_noarchive":false,"robots_nosnippet":false,"robots_nofollow":false,"robots_noimageindex":false,"robots_noodp":false,"robots_notranslate":false,"robots_max_snippet":"-1","robots_max_videopreview":"-1","robots_max_imagepreview":"none","tabs":null,"priority":null,"frequency":"default","local_seo":null,"created":"2026-09-02 21:51:02","updated":"2026-09-02 21:58:19"},"aioseo_breadcrumb":"<div class=\"aioseo-breadcrumbs\"><span class=\"aioseo-breadcrumb\">\n\t<a href=\"https:\/\/staytv.cr\" title=\"Home\">Home<\/a>\n<\/span><span class=\"aioseo-breadcrumb-separator\">&raquo;<\/span><span class=\"aioseo-breadcrumb\">\n\t<a href=\"https:\/\/staytv.cr\/index.php\/category\/nacional\/\" title=\"NACIONAL\">NACIONAL<\/a>\n<\/span><span class=\"aioseo-breadcrumb-separator\">&raquo;<\/span><span class=\"aioseo-breadcrumb\">\n\t\u00a1Choque de poderes! Gobierno estalla contra jueces por liberar a peligrosos criminales en Cartago\n<\/span><\/div>","aioseo_breadcrumb_json":[{"label":"Home","link":"https:\/\/staytv.cr"},{"label":"NACIONAL","link":"https:\/\/staytv.cr\/index.php\/category\/nacional\/"},{"label":"\u00a1Choque de poderes! Gobierno estalla contra jueces por liberar a peligrosos criminales en Cartago","link":"https:\/\/staytv.cr\/index.php\/2026\/09\/02\/choque-de-poderes-gobierno-estalla-contra-jueces-por-liberar-a-peligrosos-criminales-en-cartago\/"}],"_links":{"self":[{"href":"https:\/\/staytv.cr\/index.php\/wp-json\/wp\/v2\/posts\/38484","targetHints":{"allow":["GET"]}}],"collection":[{"href":"https:\/\/staytv.cr\/index.php\/wp-json\/wp\/v2\/posts"}],"about":[{"href":"https:\/\/staytv.cr\/index.php\/wp-json\/wp\/v2\/types\/post"}],"author":[{"embeddable":true,"href":"https:\/\/staytv.cr\/index.php\/wp-json\/wp\/v2\/users\/10"}],"replies":[{"embeddable":true,"href":"https:\/\/staytv.cr\/index.php\/wp-json\/wp\/v2\/comments?post=38484"}],"version-history":[{"count":1,"href":"https:\/\/staytv.cr\/index.php\/wp-json\/wp\/v2\/posts\/38484\/revisions"}],"predecessor-version":[{"id":38486,"href":"https:\/\/staytv.cr\/index.php\/wp-json\/wp\/v2\/posts\/38484\/revisions\/38486"}],"wp:featuredmedia":[{"embeddable":true,"href":"https:\/\/staytv.cr\/index.php\/wp-json\/wp\/v2\/media\/38485"}],"wp:attachment":[{"href":"https:\/\/staytv.cr\/index.php\/wp-json\/wp\/v2\/media?parent=38484"}],"wp:term":[{"taxonomy":"category","embeddable":true,"href":"https:\/\/staytv.cr\/index.php\/wp-json\/wp\/v2\/categories?post=38484"},{"taxonomy":"post_tag","embeddable":true,"href":"https:\/\/staytv.cr\/index.php\/wp-json\/wp\/v2\/tags?post=38484"}],"curies":[{"name":"wp","href":"https:\/\/api.w.org\/{rel}","templated":true}]}}