{"id":38487,"date":"2026-09-02T16:38:26","date_gmt":"2026-09-02T22:38:26","guid":{"rendered":"https:\/\/staytv.cr\/?p=38487"},"modified":"2026-09-02T16:41:10","modified_gmt":"2026-09-02T22:41:10","slug":"el-inusual-torbellino-que-paralizo-parte-del-canton-josefino","status":"publish","type":"post","link":"https:\/\/staytv.cr\/index.php\/2026\/09\/02\/el-inusual-torbellino-que-paralizo-parte-del-canton-josefino\/","title":{"rendered":"El inusual torbellino que paraliz\u00f3 parte del cant\u00f3n josefino"},"content":{"rendered":"<p><span data-path-to-node=\"0,4,1,0\">Un sorpresivo torbellino en Pozos de Santa Ana provoca da\u00f1os en viviendas y cableado. El IMN advierte sobre inestabilidad y lluvias por la ZCIT.<\/span><!--more--><!-- CAJA DE VIDEO + DOFOLLOW (RESPONSIVE) --><\/p>\n<div style=\"margin: 20px 0; width: 100%;\">\n<p><!-- CONTENEDOR VIDEO 16:9 --><\/p>\n<div style=\"position: relative; width: 100%; padding-bottom: 56.25%; height: 0; overflow: hidden; border-radius: 12px;\"><iframe style=\"position: absolute; top: 0; left: 0; width: 100%; height: 100%; border: 0;\" data-src=\"https:\/\/www.youtube.com\/embed\/sU44qzYWsY4?enablejsapi=1\" allowfullscreen=\"allowfullscreen\" src=\"data:image\/svg+xml;base64,PHN2ZyB3aWR0aD0iMSIgaGVpZ2h0PSIxIiB4bWxucz0iaHR0cDovL3d3dy53My5vcmcvMjAwMC9zdmciPjwvc3ZnPg==\" class=\"lazyload\" data-load-mode=\"1\"><br \/>\n<\/iframe><\/div>\n<p><!-- ENLACE DOFOLLOW (SIN ATRIBUTOS REL) --><\/p>\n<p style=\"margin-top: 12px; font-size: 15px;\"><strong>Recurso externo:<\/strong><br \/>\n<a href=\"https:\/\/youtu.be\/sU44qzYWsY4\">Ver video completo en YouTube<\/a><\/p>\n<\/div>\n<p>&lt;!doctype html&gt;<\/p>\n<h1>Sorpresivo torbellino azota Pozos de Santa Ana y causa estragos en viviendas y tendido el\u00e9ctrico<\/h1>\n<p>Las condiciones atmosf\u00e9ricas extremas volvieron a cobrar protagonismo en el territorio nacional este mi\u00e9rcoles, cuando un inesperado y violento <strong>torbellino<\/strong> sorprendi\u00f3 por completo a los vecinos de Pozos de Santa Ana durante las horas de la tarde. Este inusual fen\u00f3meno meteorol\u00f3gico desat\u00f3 momentos de gran tensi\u00f3n y zozobra en la comunidad, provocando importantes da\u00f1os materiales que incluyeron el desprendimiento parcial de techos en algunas viviendas residenciales, afectaciones directas en el cableado el\u00e9ctrico del tendido p\u00fablico y la aparatosa ca\u00edda de numerosos r\u00f3tulos comerciales que terminaron tendidos sobre la v\u00eda p\u00fablica. De acuerdo con la informaci\u00f3n preliminar emitida por el Comit\u00e9 Municipal de Emergencias, las r\u00e1fagas de viento asociadas al evento tomaron por sorpresa a la ciudadan\u00eda, evidenciando una vez m\u00e1s la vulnerabilidad de las zonas urbanas ante repentinas alteraciones clim\u00e1ticas locales.<\/p>\n<p>Minutos despu\u00e9s de que el fen\u00f3meno azotara el sector, diversos videos y fotograf\u00edas comenzaron a circular masivamente a trav\u00e9s de las redes sociales. En las impactantes im\u00e1genes compartidas por los residentes se observa con claridad una gran cantidad de materiales, ramas y estructuras ligeras siendo levantadas por la fuerza descomunal del viento, mientras los r\u00f3tulos comerciales colapsaban y ca\u00edan pesadamente al suelo. Este inusual episodio de inestabilidad atmosf\u00e9rica no vino solo, sino que estuvo acompa\u00f1ado de un fuerte y copioso aguacero que obstaculiz\u00f3 temporalmente la visibilidad y las labores de tr\u00e1nsito en las principales rutas de la comunidad, incrementando la complejidad de la situaci\u00f3n para los conductores y transe\u00fantes que transitaban por el lugar en ese momento.<\/p>\n<h2>Evaluaci\u00f3n de da\u00f1os y el parte oficial de los cuerpos de socorro<\/h2>\n<p>Ante la magnitud de los reportes ciudadanos, los miembros del Comit\u00e9 Municipal de Emergencias se desplazaron de inmediato hacia las zonas afectadas para iniciar las labores de inspecci\u00f3n ocular y levantamiento de datos. Los equipos municipales se encuentran realizando rigurosas valoraciones en diversos puntos y sectores aleda\u00f1os con el prop\u00f3sito fundamental de determinar con exactitud si existen afectaciones adicionales en infraestructura p\u00fablica, viviendas secundarias o redes de servicios b\u00e1sicos que requieran una intervenci\u00f3n correctiva urgente. La r\u00e1pida movilizaci\u00f3n de los comit\u00e9s locales busca prevenir riesgos mayores derivados de estructuras debilitadas o cables el\u00e9ctricos ca\u00eddos en la v\u00eda p\u00fablica.<\/p>\n<p>A pesar de lo aparatoso que result\u00f3 el paso del <strong>torbellino<\/strong> y los cuantiosos da\u00f1os materiales registrados en techos y r\u00f3tulos, las noticias desde el frente humanitario resultan sumamente alentadoras. Hasta el cierre de los primeros informes oficiales, la Cruz Roja Costarricense confirm\u00f3 que no se han reportado personas heridas, afectadas de gravedad ni v\u00edctimas que lamentar como consecuencia directa de este evento. Los cuerpos de socorro se mantuvieron en alerta preventiva y realizaron revisiones en el sitio para descartar cualquier situaci\u00f3n de emergencia m\u00e9dica, permitiendo que la tensi\u00f3n inicial disminuyera conforme avanzaba la tarde y los vecinos comenzaban las labores de limpieza en los frentes de sus casas.<\/p>\n<h2>La influencia de la Zona de Convergencia Intertropical sobre el pa\u00eds<\/h2>\n<p>Este episodio local de severa inestabilidad clim\u00e1tica no ocurre en un vac\u00edo meteorol\u00f3gico, sino que responde directamente a las condiciones generales que predominan en el territorio nacional. Seg\u00fan el informe t\u00e9cnico brindado por el Instituto Meteorol\u00f3gico Nacional (IMN), la Zona de Convergencia Intertropical (ZCIT) se mantiene posicionada muy cerca de Costa Rica durante toda la jornada de este mi\u00e9rcoles. Esta importante condici\u00f3n sin\u00f3ptica, al combinarse con otros factores locales de car\u00e1cter din\u00e1mico, favorece de manera directa la formaci\u00f3n de aguaceros intensos acompa\u00f1ados de actividad el\u00e9ctrica especialmente durante las horas de la tarde y primeras horas de la noche.<\/p>\n<p>Asimismo, el Instituto Meteorol\u00f3gico inform\u00f3 que los vientos alisios contin\u00faan registr\u00e1ndose con una intensidad bastante d\u00e9bil sobre la cuenca del Caribe costarricense. Esta particular caracter\u00edstica atmosf\u00e9rica permite que la Zona de Convergencia permanezca sumamente pr\u00f3xima al territorio nacional, obstaculizando su desplazamiento hacia otras latitudes. Aunado a esto, el calentamiento diurno caracter\u00edstico de la \u00e9poca y la interacci\u00f3n constante de las brisas locales contribuyen de forma decisiva a mantener un ambiente atmosf\u00e9rico altamente inestable en gran parte del pa\u00eds, creando el escenario propicio para la manifestaci\u00f3n de eventos repentinos como el registrado en Pozos de Santa Ana, donde la naturaleza demostr\u00f3 una vez m\u00e1s su imponente e impredecible fuerza.<\/p>\n<p>Con informaci\u00f3n para STAY TV: <a href=\"https:\/\/www.staytv.com\">STAY TV<\/a><\/p>\n<p>&nbsp;<\/p>\n","protected":false},"excerpt":{"rendered":"<p>Un sorpresivo torbellino en Pozos de Santa Ana provoca  [&hellip;]<\/p>\n","protected":false},"author":10,"featured_media":38489,"comment_status":"open","ping_status":"open","sticky":false,"template":"","format":"standard","meta":{"_monsterinsights_skip_tracking":false,"_monsterinsights_sitenote_active":false,"_monsterinsights_sitenote_note":"","_monsterinsights_sitenote_category":0,"episode_type":"","audio_file":"","podmotor_file_id":"","podmotor_episode_id":"","cover_image":"","cover_image_id":"","duration":"","filesize":"","filesize_raw":"","date_recorded":"","explicit":"","block":"","itunes_episode_number":"","itunes_title":"","itunes_season_number":"","itunes_episode_type":"","footnotes":""},"categories":[1],"tags":[1379,99,70,1484,1377,9105,4727,9104],"class_list":["post-38487","post","type-post","status-publish","format-standard","has-post-thumbnail","category-sucesos","tag-clima","tag-cne","tag-costa-rica","tag-emergencias","tag-imn","tag-pozos","tag-santa-ana","tag-torbellino"],"aioseo_notices":[],"aioseo_head":"\n\t\t<!-- All in One SEO Pro 4.8.3.2 - aioseo.com -->\n\t<meta name=\"description\" content=\"Un sorpresivo torbellino en Pozos de Santa Ana provoca da\u00f1os en viviendas y cableado. El IMN advierte sobre inestabilidad y lluvias por la ZCIT.\" \/>\n\t<meta name=\"robots\" content=\"max-image-preview:large\" \/>\n\t<meta name=\"author\" content=\"Diego Molina\"\/>\n\t<link rel=\"canonical\" href=\"https:\/\/staytv.cr\/index.php\/2026\/09\/02\/el-inusual-torbellino-que-paralizo-parte-del-canton-josefino\/\" \/>\n\t<meta name=\"generator\" content=\"All in One SEO Pro (AIOSEO) 4.8.3.2\" \/>\n\t\t<meta property=\"og:locale\" content=\"zh_TW\" \/>\n\t\t<meta property=\"og:site_name\" content=\"Staytv - Medio de comunicaci\u00f3n digital de Costa Rica.\" \/>\n\t\t<meta property=\"og:type\" content=\"article\" \/>\n\t\t<meta property=\"og:title\" content=\"Torbellino en Santa Ana deja da\u00f1os en techos y r\u00f3tulos\" \/>\n\t\t<meta property=\"og:description\" content=\"Un sorpresivo torbellino en Pozos de Santa Ana provoca da\u00f1os en viviendas y cableado. El IMN advierte sobre inestabilidad y lluvias por la ZCIT.\" \/>\n\t\t<meta property=\"og:url\" content=\"https:\/\/staytv.cr\/index.php\/2026\/09\/02\/el-inusual-torbellino-que-paralizo-parte-del-canton-josefino\/\" \/>\n\t\t<meta property=\"og:image\" content=\"https:\/\/staytv.cr\/wp-content\/uploads\/Sin-titulo-9-237.png\" \/>\n\t\t<meta property=\"og:image:secure_url\" content=\"https:\/\/staytv.cr\/wp-content\/uploads\/Sin-titulo-9-237.png\" \/>\n\t\t<meta property=\"og:image:width\" content=\"1200\" \/>\n\t\t<meta property=\"og:image:height\" content=\"630\" \/>\n\t\t<meta property=\"article:published_time\" content=\"2026-09-02T22:38:26+00:00\" \/>\n\t\t<meta property=\"article:modified_time\" content=\"2026-09-02T22:41:10+00:00\" \/>\n\t\t<meta property=\"article:publisher\" content=\"https:\/\/www.facebook.com\/staytvcr\" \/>\n\t\t<meta name=\"twitter:card\" content=\"summary_large_image\" \/>\n\t\t<meta name=\"twitter:title\" content=\"Torbellino en Santa Ana deja da\u00f1os en techos y r\u00f3tulos\" \/>\n\t\t<meta name=\"twitter:description\" content=\"Un sorpresivo torbellino en Pozos de Santa Ana provoca da\u00f1os en viviendas y cableado. El IMN advierte sobre inestabilidad y lluvias por la ZCIT.\" \/>\n\t\t<meta name=\"twitter:image\" content=\"https:\/\/staytv.cr\/wp-content\/uploads\/Sin-titulo-9-237.png\" \/>\n\t\t<script type=\"application\/ld+json\" class=\"aioseo-schema\">\n\t\t\t{\"@context\":\"https:\\\/\\\/schema.org\",\"@graph\":[{\"@type\":\"BreadcrumbList\",\"@id\":\"https:\\\/\\\/staytv.cr\\\/index.php\\\/2026\\\/09\\\/02\\\/el-inusual-torbellino-que-paralizo-parte-del-canton-josefino\\\/#breadcrumblist\",\"itemListElement\":[{\"@type\":\"ListItem\",\"@id\":\"https:\\\/\\\/staytv.cr#listItem\",\"position\":1,\"name\":\"Home\",\"item\":\"https:\\\/\\\/staytv.cr\",\"nextItem\":{\"@type\":\"ListItem\",\"@id\":\"https:\\\/\\\/staytv.cr\\\/index.php\\\/category\\\/sucesos\\\/#listItem\",\"name\":\"SUCESOS\"}},{\"@type\":\"ListItem\",\"@id\":\"https:\\\/\\\/staytv.cr\\\/index.php\\\/category\\\/sucesos\\\/#listItem\",\"position\":2,\"name\":\"SUCESOS\",\"item\":\"https:\\\/\\\/staytv.cr\\\/index.php\\\/category\\\/sucesos\\\/\",\"nextItem\":{\"@type\":\"ListItem\",\"@id\":\"https:\\\/\\\/staytv.cr\\\/index.php\\\/2026\\\/09\\\/02\\\/el-inusual-torbellino-que-paralizo-parte-del-canton-josefino\\\/#listItem\",\"name\":\"El inusual torbellino que paraliz\\u00f3 parte del cant\\u00f3n josefino\"},\"previousItem\":{\"@type\":\"ListItem\",\"@id\":\"https:\\\/\\\/staytv.cr#listItem\",\"name\":\"Home\"}},{\"@type\":\"ListItem\",\"@id\":\"https:\\\/\\\/staytv.cr\\\/index.php\\\/2026\\\/09\\\/02\\\/el-inusual-torbellino-que-paralizo-parte-del-canton-josefino\\\/#listItem\",\"position\":3,\"name\":\"El inusual torbellino que paraliz\\u00f3 parte del cant\\u00f3n josefino\",\"previousItem\":{\"@type\":\"ListItem\",\"@id\":\"https:\\\/\\\/staytv.cr\\\/index.php\\\/category\\\/sucesos\\\/#listItem\",\"name\":\"SUCESOS\"}}]},{\"@type\":\"Organization\",\"@id\":\"https:\\\/\\\/staytv.cr\\\/#organization\",\"name\":\"Stay TV\",\"description\":\"Stay TV es un medio digital de noticias con base en Centroam\\u00e9rica, con cobertura local e internacional desde una mirada asi\\u00e1tica.\",\"url\":\"https:\\\/\\\/staytv.cr\\\/\",\"logo\":{\"@type\":\"ImageObject\",\"url\":\"https:\\\/\\\/staytv.cr\\\/wp-content\\\/uploads\\\/cropped-StayTV_logo_oficial_simple.png\",\"@id\":\"https:\\\/\\\/staytv.cr\\\/index.php\\\/2026\\\/09\\\/02\\\/el-inusual-torbellino-que-paralizo-parte-del-canton-josefino\\\/#organizationLogo\",\"width\":2560,\"height\":769},\"image\":{\"@id\":\"https:\\\/\\\/staytv.cr\\\/index.php\\\/2026\\\/09\\\/02\\\/el-inusual-torbellino-que-paralizo-parte-del-canton-josefino\\\/#organizationLogo\"},\"sameAs\":[\"https:\\\/\\\/www.instagram.com\\\/staytvcr\\\/\"]},{\"@type\":\"Person\",\"@id\":\"https:\\\/\\\/staytv.cr\\\/index.php\\\/author\\\/diegostaytv\\\/#author\",\"url\":\"https:\\\/\\\/staytv.cr\\\/index.php\\\/author\\\/diegostaytv\\\/\",\"name\":\"Diego Molina\",\"image\":{\"@type\":\"ImageObject\",\"url\":\"https:\\\/\\\/secure.gravatar.com\\\/avatar\\\/7d23cb63381aa64750c7e76727c208369ebd6f2565e9dc4c62e323b1ea59af41?s=96&d=mm&r=g\"}},{\"@type\":\"WebPage\",\"@id\":\"https:\\\/\\\/staytv.cr\\\/index.php\\\/2026\\\/09\\\/02\\\/el-inusual-torbellino-que-paralizo-parte-del-canton-josefino\\\/#webpage\",\"url\":\"https:\\\/\\\/staytv.cr\\\/index.php\\\/2026\\\/09\\\/02\\\/el-inusual-torbellino-que-paralizo-parte-del-canton-josefino\\\/\",\"name\":\"Torbellino en Santa Ana deja da\\u00f1os en techos y r\\u00f3tulos\",\"description\":\"Un sorpresivo torbellino en Pozos de Santa Ana provoca da\\u00f1os en viviendas y cableado. El IMN advierte sobre inestabilidad y lluvias por la ZCIT.\",\"inLanguage\":\"zh-TW\",\"isPartOf\":{\"@id\":\"https:\\\/\\\/staytv.cr\\\/#website\"},\"breadcrumb\":{\"@id\":\"https:\\\/\\\/staytv.cr\\\/index.php\\\/2026\\\/09\\\/02\\\/el-inusual-torbellino-que-paralizo-parte-del-canton-josefino\\\/#breadcrumblist\"},\"author\":{\"@id\":\"https:\\\/\\\/staytv.cr\\\/index.php\\\/author\\\/diegostaytv\\\/#author\"},\"creator\":{\"@id\":\"https:\\\/\\\/staytv.cr\\\/index.php\\\/author\\\/diegostaytv\\\/#author\"},\"image\":{\"@type\":\"ImageObject\",\"url\":\"https:\\\/\\\/staytv.cr\\\/wp-content\\\/uploads\\\/Sin-titulo-9-237.png\",\"@id\":\"https:\\\/\\\/staytv.cr\\\/index.php\\\/2026\\\/09\\\/02\\\/el-inusual-torbellino-que-paralizo-parte-del-canton-josefino\\\/#mainImage\",\"width\":1200,\"height\":630,\"caption\":\"Torbellino\"},\"primaryImageOfPage\":{\"@id\":\"https:\\\/\\\/staytv.cr\\\/index.php\\\/2026\\\/09\\\/02\\\/el-inusual-torbellino-que-paralizo-parte-del-canton-josefino\\\/#mainImage\"},\"datePublished\":\"2026-09-02T16:38:26-06:00\",\"dateModified\":\"2026-09-02T16:41:10-06:00\"},{\"@type\":\"WebSite\",\"@id\":\"https:\\\/\\\/staytv.cr\\\/#website\",\"url\":\"https:\\\/\\\/staytv.cr\\\/\",\"name\":\"Staytv\",\"description\":\"Medio de comunicaci\\u00f3n digital de Costa Rica.\",\"inLanguage\":\"zh-TW\",\"publisher\":{\"@id\":\"https:\\\/\\\/staytv.cr\\\/#organization\"}}]}\n\t\t<\/script>\n\t\t<!-- All in One SEO Pro -->\r\n\t\t<title>Torbellino en Santa Ana deja da\u00f1os en techos y r\u00f3tulos<\/title>\n\n","aioseo_head_json":{"title":"Torbellino en Santa Ana deja da\u00f1os en techos y r\u00f3tulos","description":"Un sorpresivo torbellino en Pozos de Santa Ana provoca da\u00f1os en viviendas y cableado. El IMN advierte sobre inestabilidad y lluvias por la ZCIT.","canonical_url":"https:\/\/staytv.cr\/index.php\/2026\/09\/02\/el-inusual-torbellino-que-paralizo-parte-del-canton-josefino\/","robots":"max-image-preview:large","keywords":"","webmasterTools":{"miscellaneous":""},"schema":{"@context":"https:\/\/schema.org","@graph":[{"@type":"BreadcrumbList","@id":"https:\/\/staytv.cr\/index.php\/2026\/09\/02\/el-inusual-torbellino-que-paralizo-parte-del-canton-josefino\/#breadcrumblist","itemListElement":[{"@type":"ListItem","@id":"https:\/\/staytv.cr#listItem","position":1,"name":"Home","item":"https:\/\/staytv.cr","nextItem":{"@type":"ListItem","@id":"https:\/\/staytv.cr\/index.php\/category\/sucesos\/#listItem","name":"SUCESOS"}},{"@type":"ListItem","@id":"https:\/\/staytv.cr\/index.php\/category\/sucesos\/#listItem","position":2,"name":"SUCESOS","item":"https:\/\/staytv.cr\/index.php\/category\/sucesos\/","nextItem":{"@type":"ListItem","@id":"https:\/\/staytv.cr\/index.php\/2026\/09\/02\/el-inusual-torbellino-que-paralizo-parte-del-canton-josefino\/#listItem","name":"El inusual torbellino que paraliz\u00f3 parte del cant\u00f3n josefino"},"previousItem":{"@type":"ListItem","@id":"https:\/\/staytv.cr#listItem","name":"Home"}},{"@type":"ListItem","@id":"https:\/\/staytv.cr\/index.php\/2026\/09\/02\/el-inusual-torbellino-que-paralizo-parte-del-canton-josefino\/#listItem","position":3,"name":"El inusual torbellino que paraliz\u00f3 parte del cant\u00f3n josefino","previousItem":{"@type":"ListItem","@id":"https:\/\/staytv.cr\/index.php\/category\/sucesos\/#listItem","name":"SUCESOS"}}]},{"@type":"Organization","@id":"https:\/\/staytv.cr\/#organization","name":"Stay TV","description":"Stay TV es un medio digital de noticias con base en Centroam\u00e9rica, con cobertura local e internacional desde una mirada asi\u00e1tica.","url":"https:\/\/staytv.cr\/","logo":{"@type":"ImageObject","url":"https:\/\/staytv.cr\/wp-content\/uploads\/cropped-StayTV_logo_oficial_simple.png","@id":"https:\/\/staytv.cr\/index.php\/2026\/09\/02\/el-inusual-torbellino-que-paralizo-parte-del-canton-josefino\/#organizationLogo","width":2560,"height":769},"image":{"@id":"https:\/\/staytv.cr\/index.php\/2026\/09\/02\/el-inusual-torbellino-que-paralizo-parte-del-canton-josefino\/#organizationLogo"},"sameAs":["https:\/\/www.instagram.com\/staytvcr\/"]},{"@type":"Person","@id":"https:\/\/staytv.cr\/index.php\/author\/diegostaytv\/#author","url":"https:\/\/staytv.cr\/index.php\/author\/diegostaytv\/","name":"Diego Molina","image":{"@type":"ImageObject","url":"https:\/\/secure.gravatar.com\/avatar\/7d23cb63381aa64750c7e76727c208369ebd6f2565e9dc4c62e323b1ea59af41?s=96&d=mm&r=g"}},{"@type":"WebPage","@id":"https:\/\/staytv.cr\/index.php\/2026\/09\/02\/el-inusual-torbellino-que-paralizo-parte-del-canton-josefino\/#webpage","url":"https:\/\/staytv.cr\/index.php\/2026\/09\/02\/el-inusual-torbellino-que-paralizo-parte-del-canton-josefino\/","name":"Torbellino en Santa Ana deja da\u00f1os en techos y r\u00f3tulos","description":"Un sorpresivo torbellino en Pozos de Santa Ana provoca da\u00f1os en viviendas y cableado. El IMN advierte sobre inestabilidad y lluvias por la ZCIT.","inLanguage":"zh-TW","isPartOf":{"@id":"https:\/\/staytv.cr\/#website"},"breadcrumb":{"@id":"https:\/\/staytv.cr\/index.php\/2026\/09\/02\/el-inusual-torbellino-que-paralizo-parte-del-canton-josefino\/#breadcrumblist"},"author":{"@id":"https:\/\/staytv.cr\/index.php\/author\/diegostaytv\/#author"},"creator":{"@id":"https:\/\/staytv.cr\/index.php\/author\/diegostaytv\/#author"},"image":{"@type":"ImageObject","url":"https:\/\/staytv.cr\/wp-content\/uploads\/Sin-titulo-9-237.png","@id":"https:\/\/staytv.cr\/index.php\/2026\/09\/02\/el-inusual-torbellino-que-paralizo-parte-del-canton-josefino\/#mainImage","width":1200,"height":630,"caption":"Torbellino"},"primaryImageOfPage":{"@id":"https:\/\/staytv.cr\/index.php\/2026\/09\/02\/el-inusual-torbellino-que-paralizo-parte-del-canton-josefino\/#mainImage"},"datePublished":"2026-09-02T16:38:26-06:00","dateModified":"2026-09-02T16:41:10-06:00"},{"@type":"WebSite","@id":"https:\/\/staytv.cr\/#website","url":"https:\/\/staytv.cr\/","name":"Staytv","description":"Medio de comunicaci\u00f3n digital de Costa Rica.","inLanguage":"zh-TW","publisher":{"@id":"https:\/\/staytv.cr\/#organization"}}]},"og:locale":"zh_TW","og:site_name":"Staytv - Medio de comunicaci\u00f3n digital de Costa Rica.","og:type":"article","og:title":"Torbellino en Santa Ana deja da\u00f1os en techos y r\u00f3tulos","og:description":"Un sorpresivo torbellino en Pozos de Santa Ana provoca da\u00f1os en viviendas y cableado. El IMN advierte sobre inestabilidad y lluvias por la ZCIT.","og:url":"https:\/\/staytv.cr\/index.php\/2026\/09\/02\/el-inusual-torbellino-que-paralizo-parte-del-canton-josefino\/","og:image":"https:\/\/staytv.cr\/wp-content\/uploads\/Sin-titulo-9-237.png","og:image:secure_url":"https:\/\/staytv.cr\/wp-content\/uploads\/Sin-titulo-9-237.png","og:image:width":1200,"og:image:height":630,"article:published_time":"2026-09-02T22:38:26+00:00","article:modified_time":"2026-09-02T22:41:10+00:00","article:publisher":"https:\/\/www.facebook.com\/staytvcr","twitter:card":"summary_large_image","twitter:title":"Torbellino en Santa Ana deja da\u00f1os en techos y r\u00f3tulos","twitter:description":"Un sorpresivo torbellino en Pozos de Santa Ana provoca da\u00f1os en viviendas y cableado. El IMN advierte sobre inestabilidad y lluvias por la ZCIT.","twitter:image":"https:\/\/staytv.cr\/wp-content\/uploads\/Sin-titulo-9-237.png"},"aioseo_meta_data":{"post_id":"38487","title":"Torbellino en Santa Ana deja da\u00f1os en techos y r\u00f3tulos","description":"Un sorpresivo torbellino en Pozos de Santa Ana provoca da\u00f1os en viviendas y cableado. El IMN advierte sobre inestabilidad y lluvias por la ZCIT.","keywords":null,"keyphrases":{"focus":{"keyphrase":"Torbellino","score":69,"analysis":{"keyphraseInTitle":{"score":9,"maxScore":9,"error":0},"keyphraseInDescription":{"score":9,"maxScore":9,"error":0},"keyphraseLength":{"score":9,"maxScore":9,"error":0,"length":1},"keyphraseInURL":{"score":5,"maxScore":5,"error":0},"keyphraseInIntroduction":{"score":9,"maxScore":9,"error":0},"keyphraseInSubHeadings":{"score":3,"maxScore":9,"error":1},"keyphraseInImageAlt":{"score":3,"maxScore":9,"error":1},"keywordDensity":{"score":0,"type":"low","maxScore":9,"error":1}}},"additional":[]},"canonical_url":null,"og_title":null,"og_description":null,"og_object_type":"default","og_image_type":"default","og_image_custom_url":null,"og_image_custom_fields":null,"og_custom_image_width":null,"og_custom_image_height":null,"og_video":"","og_custom_url":null,"og_article_section":null,"og_article_tags":null,"twitter_use_og":true,"twitter_card":"default","twitter_image_type":"default","twitter_image_custom_url":null,"twitter_image_custom_fields":null,"twitter_title":null,"twitter_description":null,"schema_type":null,"schema_type_options":null,"pillar_content":false,"robots_default":true,"robots_noindex":false,"robots_noarchive":false,"robots_nosnippet":false,"robots_nofollow":false,"robots_noimageindex":false,"robots_noodp":false,"robots_notranslate":false,"robots_max_snippet":"-1","robots_max_videopreview":"-1","robots_max_imagepreview":"none","tabs":null,"priority":null,"frequency":"default","local_seo":null,"created":"2026-09-02 22:38:26","updated":"2026-09-02 22:41:10"},"aioseo_breadcrumb":"<div class=\"aioseo-breadcrumbs\"><span class=\"aioseo-breadcrumb\">\n\t<a href=\"https:\/\/staytv.cr\" title=\"Home\">Home<\/a>\n<\/span><span class=\"aioseo-breadcrumb-separator\">&raquo;<\/span><span class=\"aioseo-breadcrumb\">\n\t<a href=\"https:\/\/staytv.cr\/index.php\/category\/sucesos\/\" title=\"SUCESOS\">SUCESOS<\/a>\n<\/span><span class=\"aioseo-breadcrumb-separator\">&raquo;<\/span><span class=\"aioseo-breadcrumb\">\n\tEl inusual torbellino que paraliz\u00f3 parte del cant\u00f3n josefino\n<\/span><\/div>","aioseo_breadcrumb_json":[{"label":"Home","link":"https:\/\/staytv.cr"},{"label":"SUCESOS","link":"https:\/\/staytv.cr\/index.php\/category\/sucesos\/"},{"label":"El inusual torbellino que paraliz\u00f3 parte del cant\u00f3n josefino","link":"https:\/\/staytv.cr\/index.php\/2026\/09\/02\/el-inusual-torbellino-que-paralizo-parte-del-canton-josefino\/"}],"_links":{"self":[{"href":"https:\/\/staytv.cr\/index.php\/wp-json\/wp\/v2\/posts\/38487","targetHints":{"allow":["GET"]}}],"collection":[{"href":"https:\/\/staytv.cr\/index.php\/wp-json\/wp\/v2\/posts"}],"about":[{"href":"https:\/\/staytv.cr\/index.php\/wp-json\/wp\/v2\/types\/post"}],"author":[{"embeddable":true,"href":"https:\/\/staytv.cr\/index.php\/wp-json\/wp\/v2\/users\/10"}],"replies":[{"embeddable":true,"href":"https:\/\/staytv.cr\/index.php\/wp-json\/wp\/v2\/comments?post=38487"}],"version-history":[{"count":1,"href":"https:\/\/staytv.cr\/index.php\/wp-json\/wp\/v2\/posts\/38487\/revisions"}],"predecessor-version":[{"id":38488,"href":"https:\/\/staytv.cr\/index.php\/wp-json\/wp\/v2\/posts\/38487\/revisions\/38488"}],"wp:featuredmedia":[{"embeddable":true,"href":"https:\/\/staytv.cr\/index.php\/wp-json\/wp\/v2\/media\/38489"}],"wp:attachment":[{"href":"https:\/\/staytv.cr\/index.php\/wp-json\/wp\/v2\/media?parent=38487"}],"wp:term":[{"taxonomy":"category","embeddable":true,"href":"https:\/\/staytv.cr\/index.php\/wp-json\/wp\/v2\/categories?post=38487"},{"taxonomy":"post_tag","embeddable":true,"href":"https:\/\/staytv.cr\/index.php\/wp-json\/wp\/v2\/tags?post=38487"}],"curies":[{"name":"wp","href":"https:\/\/api.w.org\/{rel}","templated":true}]}}