{"id":38508,"date":"2026-09-03T09:41:57","date_gmt":"2026-09-03T15:41:57","guid":{"rendered":"https:\/\/staytv.cr\/?p=38508"},"modified":"2026-09-03T09:42:53","modified_gmt":"2026-09-03T15:42:53","slug":"ataque-cobarde-en-la-cruz-oficial-herido-y-un-delincuente-abatido-tras-intensa-balacera","status":"publish","type":"post","link":"https:\/\/staytv.cr\/index.php\/2026\/09\/03\/ataque-cobarde-en-la-cruz-oficial-herido-y-un-delincuente-abatido-tras-intensa-balacera\/","title":{"rendered":"\u00a1Ataque cobarde en La Cruz! Oficial herido y un delincuente abatido tras intensa balacera"},"content":{"rendered":"<p><span data-path-to-node=\"0,4,1,0\">Un violento ataque armado contra la Fuerza P\u00fablica en La Cruz deja un oficial herido, un sospechoso abatido y ocho detenidos en r\u00e1pido operativo.<\/span><!--more--> <!-- CAJA DE VIDEO + DOFOLLOW (RESPONSIVE) --><\/p>\n<div style=\"margin: 20px 0; width: 100%;\">\n<p><!-- CONTENEDOR VIDEO 16:9 --><\/p>\n<div style=\"position: relative; width: 100%; padding-bottom: 56.25%; height: 0; overflow: hidden; border-radius: 12px;\"><iframe style=\"position: absolute; top: 0; left: 0; width: 100%; height: 100%; border: 0;\" data-src=\"https:\/\/www.youtube.com\/embed\/EIS3e3n-Gso?enablejsapi=1\" allowfullscreen=\"allowfullscreen\" src=\"data:image\/svg+xml;base64,PHN2ZyB3aWR0aD0iMSIgaGVpZ2h0PSIxIiB4bWxucz0iaHR0cDovL3d3dy53My5vcmcvMjAwMC9zdmciPjwvc3ZnPg==\" class=\"lazyload\" data-load-mode=\"1\"><br \/>\n<\/iframe><\/div>\n<p><!-- ENLACE DOFOLLOW (SIN ATRIBUTOS REL) --><\/p>\n<p style=\"margin-top: 12px; font-size: 15px;\"><strong>Recurso externo:<\/strong><br \/>\n<a href=\"https:\/\/youtu.be\/EIS3e3n-Gso\">Ver video completo en YouTube<\/a><\/p>\n<\/div>\n<h1>Violento ataque armado contra la Fuerza P\u00fablica en La Cruz deja un oficial herido, un sospechoso abatido y ocho detenidos<\/h1>\n<p>La escalada de violencia contra las autoridades encargadas de hacer cumplir la ley ha recibido una respuesta frontal y contundente por parte del Estado costarricense. Los hechos se desencadenaron cuando una unidad policial de la Fuerza P\u00fablica se desplaz\u00f3 para atender un llamado de emergencia en el sector de <strong>La Cruz<\/strong>. Al llegar al sitio indicado para atender el evento, los oficiales fueron interceptados por varios veh\u00edculos sospechosos cuyos ocupantes, en una clara muestra de desprecio por la vida y el orden constitucional, abrieron fuego de manera indiscriminada contra los uniformados. Como resultado directo de esta cobarde emboscada, uno de los efectivos policiales result\u00f3 gravemente herido, encendiendo las alarmas en todos los mandos de seguridad del pa\u00eds y desencadenando una inmediata y masiva movilizaci\u00f3n t\u00e1ctica en la regi\u00f3n.<\/p>\n<p>Lejos de amedrentarse ante la agresi\u00f3n armada, la reacci\u00f3n de los cuerpos de seguridad fue r\u00e1pida, coordinada y de alto impacto operativo. Las autoridades desplegaron un vasto dispositivo de cerco y rastreo que permiti\u00f3, antes de las seis de la ma\u00f1ana, neutralizar y arrestar a ocho personas sospechosas de participar directamente en el atentado. Asimismo, durante el desarrollo de las diligencias t\u00e1cticas para repeler la agresi\u00f3n y asegurar la zona, uno de los malhechores result\u00f3 abatido tras enfrentarse a las autoridades. Las acciones operativas se mantienen plenamente activas en el terreno con el objetivo prioritario de ubicar, capturar y poner a disposici\u00f3n de los tribunales de justicia al resto de los implicados que lograron evadir el cerco inicial.<\/p>\n<h2>Una respuesta implacable y coordinada de los cuerpos policiales<\/h2>\n<p>El violento episodio registrado en <strong>La Cruz<\/strong> pone de manifiesto el enorme riesgo al que se enfrentan diariamente los hombres y mujeres que portan el uniforme policial en defensa de la tranquilidad ciudadana. Sin embargo, tambi\u00e9n deja en evidencia la absoluta determinaci\u00f3n del Gobierno de la Rep\u00fablica y de los estamentos de seguridad de no ceder ni un solo mil\u00edmetro ante el avance del crimen organizado. La directriz emitida desde los altos mandos es categ\u00f3rica: existe una lucha frontal, inquebrantable y sin tregua contra la criminalidad que azota diversas zonas del territorio nacional, dejando claro que bajo ninguna circunstancia se tolerar\u00e1n agresiones directas contra los guardianes del orden p\u00fablico.<\/p>\n<p>Las autoridades gubernamentales destacaron que hoy m\u00e1s que nunca se encuentra demostrada la solidez y la uni\u00f3n indestructible entre todos los cuerpos policiales del pa\u00eds. La articulaci\u00f3n estrat\u00e9gica entre la Fuerza P\u00fablica, los servicios de inteligencia y las unidades especializadas permite dar respuestas inmediatas y contundentes ante cualquier intento de desestabilizaci\u00f3n social por parte de estructuras delictivas. El mensaje enviado a las bandas criminales es firme y transparente: tocar a un polic\u00eda es tocar a todo el Estado costarricense, y las consecuencias operativas ser\u00e1n implacables hasta desarticular por completo sus redes de operaci\u00f3n.<\/p>\n<h2>Compromiso absoluto con la paz y la seguridad nacional<\/h2>\n<p>La prioridad fundamental de las acciones ejecutadas en el norte del pa\u00eds es devolverle la paz, la certidumbre y la seguridad a los habitantes honestos de <strong>La Cruz<\/strong> y de todo el territorio nacional. Los operativos continuar\u00e1n desarroll\u00e1ndose bajo estrictos protocolos de seguridad y con despliegue de recursos tecnol\u00f3gicos y humanos hasta garantizar que no quede ning\u00fan pr\u00f3fugo de la justicia vinculado a este cobarde ataque. El Estado reafirma su compromiso de proteger la integridad de sus ciudadanos y de respaldar de manera absoluta la labor patri\u00f3tica de sus cuerpos policiales, demostrando que la ley y el orden prevalecer\u00e1n siempre por encima de la violencia criminal.<\/p>\n<p>Con informaci\u00f3n para STAY TV: <a href=\"https:\/\/www.staytv.com\">STAY TV<\/a><\/p>\n<p><b data-path-to-node=\"4\" data-index-in-node=\"0\">Fuente Consultada:<\/b> Declaraciones oficiales e informes operativos sobre el enfrentamiento armado y posterior despliegue policial en el sector de La Cruz (septiembre de 2026).<\/p>\n","protected":false},"excerpt":{"rendered":"<p>Un violento ataque armado contra la Fuerza P\u00fablica en L [&hellip;]<\/p>\n","protected":false},"author":10,"featured_media":38511,"comment_status":"open","ping_status":"open","sticky":false,"template":"","format":"standard","meta":{"_monsterinsights_skip_tracking":false,"_monsterinsights_sitenote_active":false,"_monsterinsights_sitenote_note":"","_monsterinsights_sitenote_category":0,"episode_type":"","audio_file":"","podmotor_file_id":"","podmotor_episode_id":"","cover_image":"","cover_image_id":"","duration":"","filesize":"","filesize_raw":"","date_recorded":"","explicit":"","block":"","itunes_episode_number":"","itunes_title":"","itunes_season_number":"","itunes_episode_type":"","footnotes":""},"categories":[1],"tags":[70,4363,9108,171,9106,9107,131,157],"class_list":["post-38508","post","type-post","status-publish","format-standard","has-post-thumbnail","category-sucesos","tag-costa-rica","tag-delincuencia","tag-enfrentamiento","tag-fuerza-publica","tag-la-cruz","tag-oficial-herido","tag-operativo","tag-seguridad"],"aioseo_notices":[],"aioseo_head":"\n\t\t<!-- All in One SEO Pro 4.8.3.2 - aioseo.com -->\n\t<meta name=\"description\" content=\"Un violento ataque armado contra la Fuerza P\u00fablica en La Cruz deja un oficial herido, un sospechoso abatido y ocho detenidos en r\u00e1pido operativo.\" \/>\n\t<meta name=\"robots\" content=\"max-image-preview:large\" \/>\n\t<meta name=\"author\" content=\"Diego Molina\"\/>\n\t<link rel=\"canonical\" href=\"https:\/\/staytv.cr\/index.php\/2026\/09\/03\/ataque-cobarde-en-la-cruz-oficial-herido-y-un-delincuente-abatido-tras-intensa-balacera\/\" \/>\n\t<meta name=\"generator\" content=\"All in One SEO Pro (AIOSEO) 4.8.3.2\" \/>\n\t\t<meta property=\"og:locale\" content=\"zh_TW\" \/>\n\t\t<meta property=\"og:site_name\" content=\"Staytv - Medio de comunicaci\u00f3n digital de Costa Rica.\" \/>\n\t\t<meta property=\"og:type\" content=\"article\" \/>\n\t\t<meta property=\"og:title\" content=\"La Cruz Ataque a polic\u00edas deja un agente herido y un abatido\" \/>\n\t\t<meta property=\"og:description\" content=\"Un violento ataque armado contra la Fuerza P\u00fablica en La Cruz deja un oficial herido, un sospechoso abatido y ocho detenidos en r\u00e1pido operativo.\" \/>\n\t\t<meta property=\"og:url\" content=\"https:\/\/staytv.cr\/index.php\/2026\/09\/03\/ataque-cobarde-en-la-cruz-oficial-herido-y-un-delincuente-abatido-tras-intensa-balacera\/\" \/>\n\t\t<meta property=\"og:image\" content=\"https:\/\/staytv.cr\/wp-content\/uploads\/Sin-titulo-1-282.png\" \/>\n\t\t<meta property=\"og:image:secure_url\" content=\"https:\/\/staytv.cr\/wp-content\/uploads\/Sin-titulo-1-282.png\" \/>\n\t\t<meta property=\"og:image:width\" content=\"1200\" \/>\n\t\t<meta property=\"og:image:height\" content=\"630\" \/>\n\t\t<meta property=\"article:published_time\" content=\"2026-09-03T15:41:57+00:00\" \/>\n\t\t<meta property=\"article:modified_time\" content=\"2026-09-03T15:42:53+00:00\" \/>\n\t\t<meta property=\"article:publisher\" content=\"https:\/\/www.facebook.com\/staytvcr\" \/>\n\t\t<meta name=\"twitter:card\" content=\"summary_large_image\" \/>\n\t\t<meta name=\"twitter:title\" content=\"La Cruz Ataque a polic\u00edas deja un agente herido y un abatido\" \/>\n\t\t<meta name=\"twitter:description\" content=\"Un violento ataque armado contra la Fuerza P\u00fablica en La Cruz deja un oficial herido, un sospechoso abatido y ocho detenidos en r\u00e1pido operativo.\" \/>\n\t\t<meta name=\"twitter:image\" content=\"https:\/\/staytv.cr\/wp-content\/uploads\/Sin-titulo-1-282.png\" \/>\n\t\t<script type=\"application\/ld+json\" class=\"aioseo-schema\">\n\t\t\t{\"@context\":\"https:\\\/\\\/schema.org\",\"@graph\":[{\"@type\":\"BreadcrumbList\",\"@id\":\"https:\\\/\\\/staytv.cr\\\/index.php\\\/2026\\\/09\\\/03\\\/ataque-cobarde-en-la-cruz-oficial-herido-y-un-delincuente-abatido-tras-intensa-balacera\\\/#breadcrumblist\",\"itemListElement\":[{\"@type\":\"ListItem\",\"@id\":\"https:\\\/\\\/staytv.cr#listItem\",\"position\":1,\"name\":\"Home\",\"item\":\"https:\\\/\\\/staytv.cr\",\"nextItem\":{\"@type\":\"ListItem\",\"@id\":\"https:\\\/\\\/staytv.cr\\\/index.php\\\/category\\\/sucesos\\\/#listItem\",\"name\":\"SUCESOS\"}},{\"@type\":\"ListItem\",\"@id\":\"https:\\\/\\\/staytv.cr\\\/index.php\\\/category\\\/sucesos\\\/#listItem\",\"position\":2,\"name\":\"SUCESOS\",\"item\":\"https:\\\/\\\/staytv.cr\\\/index.php\\\/category\\\/sucesos\\\/\",\"nextItem\":{\"@type\":\"ListItem\",\"@id\":\"https:\\\/\\\/staytv.cr\\\/index.php\\\/2026\\\/09\\\/03\\\/ataque-cobarde-en-la-cruz-oficial-herido-y-un-delincuente-abatido-tras-intensa-balacera\\\/#listItem\",\"name\":\"\\u00a1Ataque cobarde en La Cruz! Oficial herido y un delincuente abatido tras intensa balacera\"},\"previousItem\":{\"@type\":\"ListItem\",\"@id\":\"https:\\\/\\\/staytv.cr#listItem\",\"name\":\"Home\"}},{\"@type\":\"ListItem\",\"@id\":\"https:\\\/\\\/staytv.cr\\\/index.php\\\/2026\\\/09\\\/03\\\/ataque-cobarde-en-la-cruz-oficial-herido-y-un-delincuente-abatido-tras-intensa-balacera\\\/#listItem\",\"position\":3,\"name\":\"\\u00a1Ataque cobarde en La Cruz! Oficial herido y un delincuente abatido tras intensa balacera\",\"previousItem\":{\"@type\":\"ListItem\",\"@id\":\"https:\\\/\\\/staytv.cr\\\/index.php\\\/category\\\/sucesos\\\/#listItem\",\"name\":\"SUCESOS\"}}]},{\"@type\":\"Organization\",\"@id\":\"https:\\\/\\\/staytv.cr\\\/#organization\",\"name\":\"Stay TV\",\"description\":\"Stay TV es un medio digital de noticias con base en Centroam\\u00e9rica, con cobertura local e internacional desde una mirada asi\\u00e1tica.\",\"url\":\"https:\\\/\\\/staytv.cr\\\/\",\"logo\":{\"@type\":\"ImageObject\",\"url\":\"https:\\\/\\\/staytv.cr\\\/wp-content\\\/uploads\\\/cropped-StayTV_logo_oficial_simple.png\",\"@id\":\"https:\\\/\\\/staytv.cr\\\/index.php\\\/2026\\\/09\\\/03\\\/ataque-cobarde-en-la-cruz-oficial-herido-y-un-delincuente-abatido-tras-intensa-balacera\\\/#organizationLogo\",\"width\":2560,\"height\":769},\"image\":{\"@id\":\"https:\\\/\\\/staytv.cr\\\/index.php\\\/2026\\\/09\\\/03\\\/ataque-cobarde-en-la-cruz-oficial-herido-y-un-delincuente-abatido-tras-intensa-balacera\\\/#organizationLogo\"},\"sameAs\":[\"https:\\\/\\\/www.instagram.com\\\/staytvcr\\\/\"]},{\"@type\":\"Person\",\"@id\":\"https:\\\/\\\/staytv.cr\\\/index.php\\\/author\\\/diegostaytv\\\/#author\",\"url\":\"https:\\\/\\\/staytv.cr\\\/index.php\\\/author\\\/diegostaytv\\\/\",\"name\":\"Diego Molina\",\"image\":{\"@type\":\"ImageObject\",\"url\":\"https:\\\/\\\/secure.gravatar.com\\\/avatar\\\/7d23cb63381aa64750c7e76727c208369ebd6f2565e9dc4c62e323b1ea59af41?s=96&d=mm&r=g\"}},{\"@type\":\"WebPage\",\"@id\":\"https:\\\/\\\/staytv.cr\\\/index.php\\\/2026\\\/09\\\/03\\\/ataque-cobarde-en-la-cruz-oficial-herido-y-un-delincuente-abatido-tras-intensa-balacera\\\/#webpage\",\"url\":\"https:\\\/\\\/staytv.cr\\\/index.php\\\/2026\\\/09\\\/03\\\/ataque-cobarde-en-la-cruz-oficial-herido-y-un-delincuente-abatido-tras-intensa-balacera\\\/\",\"name\":\"La Cruz Ataque a polic\\u00edas deja un agente herido y un abatido\",\"description\":\"Un violento ataque armado contra la Fuerza P\\u00fablica en La Cruz deja un oficial herido, un sospechoso abatido y ocho detenidos en r\\u00e1pido operativo.\",\"inLanguage\":\"zh-TW\",\"isPartOf\":{\"@id\":\"https:\\\/\\\/staytv.cr\\\/#website\"},\"breadcrumb\":{\"@id\":\"https:\\\/\\\/staytv.cr\\\/index.php\\\/2026\\\/09\\\/03\\\/ataque-cobarde-en-la-cruz-oficial-herido-y-un-delincuente-abatido-tras-intensa-balacera\\\/#breadcrumblist\"},\"author\":{\"@id\":\"https:\\\/\\\/staytv.cr\\\/index.php\\\/author\\\/diegostaytv\\\/#author\"},\"creator\":{\"@id\":\"https:\\\/\\\/staytv.cr\\\/index.php\\\/author\\\/diegostaytv\\\/#author\"},\"image\":{\"@type\":\"ImageObject\",\"url\":\"https:\\\/\\\/staytv.cr\\\/wp-content\\\/uploads\\\/Sin-titulo-1-282.png\",\"@id\":\"https:\\\/\\\/staytv.cr\\\/index.php\\\/2026\\\/09\\\/03\\\/ataque-cobarde-en-la-cruz-oficial-herido-y-un-delincuente-abatido-tras-intensa-balacera\\\/#mainImage\",\"width\":1200,\"height\":630,\"caption\":\"Unidades policiales desplegadas en operativos de seguridad tras el enfrentamiento armado en La Cruz.\"},\"primaryImageOfPage\":{\"@id\":\"https:\\\/\\\/staytv.cr\\\/index.php\\\/2026\\\/09\\\/03\\\/ataque-cobarde-en-la-cruz-oficial-herido-y-un-delincuente-abatido-tras-intensa-balacera\\\/#mainImage\"},\"datePublished\":\"2026-09-03T09:41:57-06:00\",\"dateModified\":\"2026-09-03T09:42:53-06:00\"},{\"@type\":\"WebSite\",\"@id\":\"https:\\\/\\\/staytv.cr\\\/#website\",\"url\":\"https:\\\/\\\/staytv.cr\\\/\",\"name\":\"Staytv\",\"description\":\"Medio de comunicaci\\u00f3n digital de Costa Rica.\",\"inLanguage\":\"zh-TW\",\"publisher\":{\"@id\":\"https:\\\/\\\/staytv.cr\\\/#organization\"}}]}\n\t\t<\/script>\n\t\t<!-- All in One SEO Pro -->\r\n\t\t<title>La Cruz Ataque a polic\u00edas deja un agente herido y un abatido<\/title>\n\n","aioseo_head_json":{"title":"La Cruz Ataque a polic\u00edas deja un agente herido y un abatido","description":"Un violento ataque armado contra la Fuerza P\u00fablica en La Cruz deja un oficial herido, un sospechoso abatido y ocho detenidos en r\u00e1pido operativo.","canonical_url":"https:\/\/staytv.cr\/index.php\/2026\/09\/03\/ataque-cobarde-en-la-cruz-oficial-herido-y-un-delincuente-abatido-tras-intensa-balacera\/","robots":"max-image-preview:large","keywords":"","webmasterTools":{"miscellaneous":""},"schema":{"@context":"https:\/\/schema.org","@graph":[{"@type":"BreadcrumbList","@id":"https:\/\/staytv.cr\/index.php\/2026\/09\/03\/ataque-cobarde-en-la-cruz-oficial-herido-y-un-delincuente-abatido-tras-intensa-balacera\/#breadcrumblist","itemListElement":[{"@type":"ListItem","@id":"https:\/\/staytv.cr#listItem","position":1,"name":"Home","item":"https:\/\/staytv.cr","nextItem":{"@type":"ListItem","@id":"https:\/\/staytv.cr\/index.php\/category\/sucesos\/#listItem","name":"SUCESOS"}},{"@type":"ListItem","@id":"https:\/\/staytv.cr\/index.php\/category\/sucesos\/#listItem","position":2,"name":"SUCESOS","item":"https:\/\/staytv.cr\/index.php\/category\/sucesos\/","nextItem":{"@type":"ListItem","@id":"https:\/\/staytv.cr\/index.php\/2026\/09\/03\/ataque-cobarde-en-la-cruz-oficial-herido-y-un-delincuente-abatido-tras-intensa-balacera\/#listItem","name":"\u00a1Ataque cobarde en La Cruz! Oficial herido y un delincuente abatido tras intensa balacera"},"previousItem":{"@type":"ListItem","@id":"https:\/\/staytv.cr#listItem","name":"Home"}},{"@type":"ListItem","@id":"https:\/\/staytv.cr\/index.php\/2026\/09\/03\/ataque-cobarde-en-la-cruz-oficial-herido-y-un-delincuente-abatido-tras-intensa-balacera\/#listItem","position":3,"name":"\u00a1Ataque cobarde en La Cruz! Oficial herido y un delincuente abatido tras intensa balacera","previousItem":{"@type":"ListItem","@id":"https:\/\/staytv.cr\/index.php\/category\/sucesos\/#listItem","name":"SUCESOS"}}]},{"@type":"Organization","@id":"https:\/\/staytv.cr\/#organization","name":"Stay TV","description":"Stay TV es un medio digital de noticias con base en Centroam\u00e9rica, con cobertura local e internacional desde una mirada asi\u00e1tica.","url":"https:\/\/staytv.cr\/","logo":{"@type":"ImageObject","url":"https:\/\/staytv.cr\/wp-content\/uploads\/cropped-StayTV_logo_oficial_simple.png","@id":"https:\/\/staytv.cr\/index.php\/2026\/09\/03\/ataque-cobarde-en-la-cruz-oficial-herido-y-un-delincuente-abatido-tras-intensa-balacera\/#organizationLogo","width":2560,"height":769},"image":{"@id":"https:\/\/staytv.cr\/index.php\/2026\/09\/03\/ataque-cobarde-en-la-cruz-oficial-herido-y-un-delincuente-abatido-tras-intensa-balacera\/#organizationLogo"},"sameAs":["https:\/\/www.instagram.com\/staytvcr\/"]},{"@type":"Person","@id":"https:\/\/staytv.cr\/index.php\/author\/diegostaytv\/#author","url":"https:\/\/staytv.cr\/index.php\/author\/diegostaytv\/","name":"Diego Molina","image":{"@type":"ImageObject","url":"https:\/\/secure.gravatar.com\/avatar\/7d23cb63381aa64750c7e76727c208369ebd6f2565e9dc4c62e323b1ea59af41?s=96&d=mm&r=g"}},{"@type":"WebPage","@id":"https:\/\/staytv.cr\/index.php\/2026\/09\/03\/ataque-cobarde-en-la-cruz-oficial-herido-y-un-delincuente-abatido-tras-intensa-balacera\/#webpage","url":"https:\/\/staytv.cr\/index.php\/2026\/09\/03\/ataque-cobarde-en-la-cruz-oficial-herido-y-un-delincuente-abatido-tras-intensa-balacera\/","name":"La Cruz Ataque a polic\u00edas deja un agente herido y un abatido","description":"Un violento ataque armado contra la Fuerza P\u00fablica en La Cruz deja un oficial herido, un sospechoso abatido y ocho detenidos en r\u00e1pido operativo.","inLanguage":"zh-TW","isPartOf":{"@id":"https:\/\/staytv.cr\/#website"},"breadcrumb":{"@id":"https:\/\/staytv.cr\/index.php\/2026\/09\/03\/ataque-cobarde-en-la-cruz-oficial-herido-y-un-delincuente-abatido-tras-intensa-balacera\/#breadcrumblist"},"author":{"@id":"https:\/\/staytv.cr\/index.php\/author\/diegostaytv\/#author"},"creator":{"@id":"https:\/\/staytv.cr\/index.php\/author\/diegostaytv\/#author"},"image":{"@type":"ImageObject","url":"https:\/\/staytv.cr\/wp-content\/uploads\/Sin-titulo-1-282.png","@id":"https:\/\/staytv.cr\/index.php\/2026\/09\/03\/ataque-cobarde-en-la-cruz-oficial-herido-y-un-delincuente-abatido-tras-intensa-balacera\/#mainImage","width":1200,"height":630,"caption":"Unidades policiales desplegadas en operativos de seguridad tras el enfrentamiento armado en La Cruz."},"primaryImageOfPage":{"@id":"https:\/\/staytv.cr\/index.php\/2026\/09\/03\/ataque-cobarde-en-la-cruz-oficial-herido-y-un-delincuente-abatido-tras-intensa-balacera\/#mainImage"},"datePublished":"2026-09-03T09:41:57-06:00","dateModified":"2026-09-03T09:42:53-06:00"},{"@type":"WebSite","@id":"https:\/\/staytv.cr\/#website","url":"https:\/\/staytv.cr\/","name":"Staytv","description":"Medio de comunicaci\u00f3n digital de Costa Rica.","inLanguage":"zh-TW","publisher":{"@id":"https:\/\/staytv.cr\/#organization"}}]},"og:locale":"zh_TW","og:site_name":"Staytv - Medio de comunicaci\u00f3n digital de Costa Rica.","og:type":"article","og:title":"La Cruz Ataque a polic\u00edas deja un agente herido y un abatido","og:description":"Un violento ataque armado contra la Fuerza P\u00fablica en La Cruz deja un oficial herido, un sospechoso abatido y ocho detenidos en r\u00e1pido operativo.","og:url":"https:\/\/staytv.cr\/index.php\/2026\/09\/03\/ataque-cobarde-en-la-cruz-oficial-herido-y-un-delincuente-abatido-tras-intensa-balacera\/","og:image":"https:\/\/staytv.cr\/wp-content\/uploads\/Sin-titulo-1-282.png","og:image:secure_url":"https:\/\/staytv.cr\/wp-content\/uploads\/Sin-titulo-1-282.png","og:image:width":1200,"og:image:height":630,"article:published_time":"2026-09-03T15:41:57+00:00","article:modified_time":"2026-09-03T15:42:53+00:00","article:publisher":"https:\/\/www.facebook.com\/staytvcr","twitter:card":"summary_large_image","twitter:title":"La Cruz Ataque a polic\u00edas deja un agente herido y un abatido","twitter:description":"Un violento ataque armado contra la Fuerza P\u00fablica en La Cruz deja un oficial herido, un sospechoso abatido y ocho detenidos en r\u00e1pido operativo.","twitter:image":"https:\/\/staytv.cr\/wp-content\/uploads\/Sin-titulo-1-282.png"},"aioseo_meta_data":{"post_id":"38508","title":"La Cruz Ataque a polic\u00edas deja un agente herido y un abatido","description":"Un violento ataque armado contra la Fuerza P\u00fablica en La Cruz deja un oficial herido, un sospechoso abatido y ocho detenidos en r\u00e1pido operativo.","keywords":null,"keyphrases":{"focus":{"keyphrase":"La Cruz","score":82,"analysis":{"keyphraseInTitle":{"score":9,"maxScore":9,"error":0},"keyphraseInDescription":{"score":9,"maxScore":9,"error":0},"keyphraseLength":{"score":9,"maxScore":9,"error":0,"length":2},"keyphraseInURL":{"score":5,"maxScore":5,"error":0},"keyphraseInIntroduction":{"score":9,"maxScore":9,"error":0},"keyphraseInSubHeadings":{"score":3,"maxScore":9,"error":1},"keyphraseInImageAlt":{"score":3,"maxScore":9,"error":1},"keywordDensity":{"type":"best","score":9,"maxScore":9,"error":0}}},"additional":[]},"canonical_url":null,"og_title":null,"og_description":null,"og_object_type":"default","og_image_type":"default","og_image_custom_url":null,"og_image_custom_fields":null,"og_custom_image_width":null,"og_custom_image_height":null,"og_video":"","og_custom_url":null,"og_article_section":null,"og_article_tags":null,"twitter_use_og":true,"twitter_card":"default","twitter_image_type":"default","twitter_image_custom_url":null,"twitter_image_custom_fields":null,"twitter_title":null,"twitter_description":null,"schema_type":null,"schema_type_options":null,"pillar_content":false,"robots_default":true,"robots_noindex":false,"robots_noarchive":false,"robots_nosnippet":false,"robots_nofollow":false,"robots_noimageindex":false,"robots_noodp":false,"robots_notranslate":false,"robots_max_snippet":"-1","robots_max_videopreview":"-1","robots_max_imagepreview":"none","tabs":null,"priority":null,"frequency":"default","local_seo":null,"created":"2026-09-03 15:29:15","updated":"2026-09-03 15:42:53"},"aioseo_breadcrumb":"<div class=\"aioseo-breadcrumbs\"><span class=\"aioseo-breadcrumb\">\n\t<a href=\"https:\/\/staytv.cr\" title=\"Home\">Home<\/a>\n<\/span><span class=\"aioseo-breadcrumb-separator\">&raquo;<\/span><span class=\"aioseo-breadcrumb\">\n\t<a href=\"https:\/\/staytv.cr\/index.php\/category\/sucesos\/\" title=\"SUCESOS\">SUCESOS<\/a>\n<\/span><span class=\"aioseo-breadcrumb-separator\">&raquo;<\/span><span class=\"aioseo-breadcrumb\">\n\t\u00a1Ataque cobarde en La Cruz! Oficial herido y un delincuente abatido tras intensa balacera\n<\/span><\/div>","aioseo_breadcrumb_json":[{"label":"Home","link":"https:\/\/staytv.cr"},{"label":"SUCESOS","link":"https:\/\/staytv.cr\/index.php\/category\/sucesos\/"},{"label":"\u00a1Ataque cobarde en La Cruz! Oficial herido y un delincuente abatido tras intensa balacera","link":"https:\/\/staytv.cr\/index.php\/2026\/09\/03\/ataque-cobarde-en-la-cruz-oficial-herido-y-un-delincuente-abatido-tras-intensa-balacera\/"}],"_links":{"self":[{"href":"https:\/\/staytv.cr\/index.php\/wp-json\/wp\/v2\/posts\/38508","targetHints":{"allow":["GET"]}}],"collection":[{"href":"https:\/\/staytv.cr\/index.php\/wp-json\/wp\/v2\/posts"}],"about":[{"href":"https:\/\/staytv.cr\/index.php\/wp-json\/wp\/v2\/types\/post"}],"author":[{"embeddable":true,"href":"https:\/\/staytv.cr\/index.php\/wp-json\/wp\/v2\/users\/10"}],"replies":[{"embeddable":true,"href":"https:\/\/staytv.cr\/index.php\/wp-json\/wp\/v2\/comments?post=38508"}],"version-history":[{"count":2,"href":"https:\/\/staytv.cr\/index.php\/wp-json\/wp\/v2\/posts\/38508\/revisions"}],"predecessor-version":[{"id":38510,"href":"https:\/\/staytv.cr\/index.php\/wp-json\/wp\/v2\/posts\/38508\/revisions\/38510"}],"wp:featuredmedia":[{"embeddable":true,"href":"https:\/\/staytv.cr\/index.php\/wp-json\/wp\/v2\/media\/38511"}],"wp:attachment":[{"href":"https:\/\/staytv.cr\/index.php\/wp-json\/wp\/v2\/media?parent=38508"}],"wp:term":[{"taxonomy":"category","embeddable":true,"href":"https:\/\/staytv.cr\/index.php\/wp-json\/wp\/v2\/categories?post=38508"},{"taxonomy":"post_tag","embeddable":true,"href":"https:\/\/staytv.cr\/index.php\/wp-json\/wp\/v2\/tags?post=38508"}],"curies":[{"name":"wp","href":"https:\/\/api.w.org\/{rel}","templated":true}]}}