{"id":38524,"date":"2026-09-03T14:10:11","date_gmt":"2026-09-03T20:10:11","guid":{"rendered":"https:\/\/staytv.cr\/?p=38524"},"modified":"2026-09-03T14:10:11","modified_gmt":"2026-09-03T20:10:11","slug":"persecucion-o-justicia-el-duro-cruce-de-declaraciones-tras-la-medida-contra-la-dama-de-hierro","status":"publish","type":"post","link":"https:\/\/staytv.cr\/index.php\/2026\/09\/03\/persecucion-o-justicia-el-duro-cruce-de-declaraciones-tras-la-medida-contra-la-dama-de-hierro\/","title":{"rendered":"\u00bfPersecuci\u00f3n o justicia? El duro cruce de declaraciones tras la medida contra la &#8220;dama de hierro&#8221;"},"content":{"rendered":"<p>Ministerio P\u00fablico emite alerta migratoria para Pilar Cisneros con fines de declaraci\u00f3n indagatoria, desatando un fuerte pulso pol\u00edtico en el pa\u00eds.<!--more--><img decoding=\"async\" data-src=\"https:\/\/www.nacion.com\/resizer\/v2\/EZJRP4B7WZDRHM73GMQVTPPLGM.jpg?smart=true&amp;auth=4640eb3ee78e872b0d17243b1028f67cc81ae53c6f777f63b0d17cb7a9ef2b20&amp;width=2696&amp;height=1925\" alt=\"Oficialismo mantiene firme a Pilar Cisneros: cuatro a\u00f1os al frente sin  rotaci\u00f3n | La Naci\u00f3n\" src=\"data:image\/svg+xml;base64,PHN2ZyB3aWR0aD0iMSIgaGVpZ2h0PSIxIiB4bWxucz0iaHR0cDovL3d3dy53My5vcmcvMjAwMC9zdmciPjwvc3ZnPg==\" class=\"lazyload\" \/><\/p>\n<h1>Ministerio P\u00fablico emite alerta migratoria contra la exdiputada Pilar Cisneros y desata la furia del oficialismo<\/h1>\n<p>El tenso y prolongado pulso entre el sistema de administraci\u00f3n de justicia y las fuerzas pol\u00edticas afines al Poder Ejecutivo ha sumado un nuevo y explosivo cap\u00edtulo. La tarde de este jueves, el Ministerio P\u00fablico confirm\u00f3 la emisi\u00f3n de una alerta migratoria en contra de la reconocida figura pol\u00edtica y <strong>exdiputada<\/strong> Pilar <strong>Cisneros<\/strong>. La acci\u00f3n judicial, que r\u00e1pidamente acapar\u00f3 la atenci\u00f3n de la opini\u00f3n p\u00fablica nacional, fue justificada por el \u00f3rgano acusador bajo el argumento estrictamente procedimental de que requieren citar a la exlegisladora para tomarle su declaraci\u00f3n indagatoria, afirmando que los intentos previos para localizarla en su casa de habitaci\u00f3n y a trav\u00e9s de su tel\u00e9fono personal resultaron infructuosos.<\/p>\n<p>Ante la avalancha de consultas period\u00edsticas y la sensibilidad pol\u00edtica del caso, la Oficina de Prensa del Ministerio P\u00fablico se vio en la obligaci\u00f3n de emitir un comunicado oficial para delimitar los alcances reales de esta medida. La instituci\u00f3n aclar\u00f3 de manera tajante que el documento emitido no funciona como una restricci\u00f3n de libertad de tr\u00e1nsito absoluta, por lo que no indica ni requiere que cada entrada y salida del pa\u00eds de la se\u00f1ora <strong>Cisneros<\/strong> deba ser informada obligatoriamente a la fiscal\u00eda. Se trata, seg\u00fan su versi\u00f3n, de un mecanismo administrativo para asegurar su comparecencia en el proceso penal que se encuentra en fase de investigaci\u00f3n preliminar.<\/p>\n<h2>El fin de la inmunidad y las aclaraciones del Ministerio P\u00fablico<\/h2>\n<p>Un detalle t\u00e9cnico pero de inmensa relevancia pol\u00edtica que subray\u00f3 la Fiscal\u00eda en su comunicado es el estatus actual de los investigados. Las autoridades judiciales precisaron que este expediente en particular no est\u00e1 siendo atendido ni dirigido por el Fiscal General de la Rep\u00fablica. La raz\u00f3n jur\u00eddica de esta separaci\u00f3n radica en que, dentro de la causa en cuesti\u00f3n, ya no figuran personas que gocen de fuero constitucional de inmunidad, confirmando que la se\u00f1ora <strong>Cisneros<\/strong> enfrenta este proceso en su calidad de ciudadana com\u00fan tras haber dejado su curul como exdiputada. Asimismo, se revel\u00f3 que por esta misma investigaci\u00f3n ya han sido citadas e indagadas otras tres personas que tampoco ostentan ning\u00fan tipo de protecci\u00f3n legal especial.<\/p>\n<p>Sin embargo, las explicaciones t\u00e9cnicas del Ministerio P\u00fablico no lograron apaciguar los \u00e1nimos en la arena pol\u00edtica. Las fuerzas oficialistas interpretaron esta alerta migratoria no como un tr\u00e1mite procesal rutinario, sino como una escalada agresiva dentro de un patr\u00f3n de hostigamiento institucional. La filtraci\u00f3n expedita de la medida a ciertos medios de comunicaci\u00f3n fue vista como un intento deliberado de da\u00f1ar la imagen p\u00fablica de una de las figuras m\u00e1s emblem\u00e1ticas y vocales del movimiento pol\u00edtico que llev\u00f3 al actual Gobierno al poder.<\/p>\n<h2>&#8220;Operaci\u00f3n cacer\u00eda&#8221;: La f\u00e9rrea defensa de Kattia Calvo<\/h2>\n<p>Las reacciones en el Congreso fueron inmediatas y cargadas de indignaci\u00f3n. La diputada Kattia Calvo alz\u00f3 la voz para denunciar lo que catalog\u00f3 como una evidente &#8220;operaci\u00f3n cacer\u00eda&#8221; orquestada desde las m\u00e1s altas esferas del Poder Judicial. Con un tono desafiante, Calvo asegur\u00f3 que estas t\u00e1cticas intimidatorias no asustan a la <strong>exdiputada<\/strong>, a quien se refiri\u00f3 cari\u00f1osamente como la &#8220;dama de hierro&#8221; del movimiento. La legisladora cuestion\u00f3 con dureza el descaro con el que se maneja la informaci\u00f3n judicial, criticando que ciertos medios tengan acceso inmediato a alertas migratorias para publicarlas con un claro enfoque de amenaza pol\u00edtica.<\/p>\n<p>En cuanto al fondo de las acusaciones, Calvo fue categ\u00f3rica en la defensa de la exlegisladora: <em>&#8220;A do\u00f1a Pilar se le investiga por presuntas participaciones en un financiamiento al que nunca tuvo acceso, de la estructura de un partido del que nunca ella fue parte&#8221;<\/em>. Para la diputada, el actuar de la Fiscal\u00eda refleja una persecuci\u00f3n sistem\u00e1tica en contra de las personas que piensan diferente y que tienen la valent\u00eda de denunciar las falencias del sistema en voz alta. <em>&#8220;Vamos a seguir luchando porque ese poder judicial cambie, mejore y se regule. Igualdad ante la justicia dice la Constituci\u00f3n Pol\u00edtica y lo vamos a hacer cumplir&#8221;<\/em>, sentenci\u00f3 Calvo, reafirmando el respaldo incondicional de su bancada hacia <strong>Cisneros<\/strong>.<\/p>\n<p><!-- CAJA DE VIDEO + DOFOLLOW (RESPONSIVE) --><\/p>\n<div style=\"margin: 20px 0; width: 100%;\">\n<p><!-- CONTENEDOR VIDEO 16:9 --><\/p>\n<div style=\"position: relative; width: 100%; padding-bottom: 56.25%; height: 0; overflow: hidden; border-radius: 12px;\"><iframe style=\"position: absolute; top: 0; left: 0; width: 100%; height: 100%; border: 0;\" data-src=\"https:\/\/www.youtube.com\/embed\/28stERHp-eE?enablejsapi=1\" allowfullscreen=\"allowfullscreen\" src=\"data:image\/svg+xml;base64,PHN2ZyB3aWR0aD0iMSIgaGVpZ2h0PSIxIiB4bWxucz0iaHR0cDovL3d3dy53My5vcmcvMjAwMC9zdmciPjwvc3ZnPg==\" class=\"lazyload\" data-load-mode=\"1\"><br \/>\n<\/iframe><\/div>\n<p><!-- ENLACE DOFOLLOW (SIN ATRIBUTOS REL) --><\/p>\n<p style=\"margin-top: 12px; font-size: 15px;\"><strong>Recurso externo:<\/strong><br \/>\n<a href=\"https:\/\/youtu.be\/28stERHp-eE\">Ver video completo en YouTube<\/a><\/p>\n<\/div>\n<p>&nbsp;<\/p>\n<h2>Ariel Mora denuncia una &#8220;declaratoria de guerra&#8221; y doble rasero<\/h2>\n<p>El diputado Ariel Mora elev\u00f3 a\u00fan m\u00e1s el tono del debate, calificando el actuar del Ministerio P\u00fablico como una persecuci\u00f3n pol\u00edtica abierta, descarada y que raya en una declaratoria de guerra institucional contra el oficialismo. Mora exigi\u00f3 que el aparato de justicia le brinde explicaciones claras al pa\u00eds sobre los evidentes sesgos con los que, a su juicio, se manejan los tiempos judiciales. Para sustentar su reclamo, el legislador expuso el alarmante doble rasero con el que opera la justicia costarricense dependiendo del color pol\u00edtico de los involucrados.<\/p>\n<p>Mora contrast\u00f3 la inusual celeridad para emitir alertas migratorias contra la <strong>exdiputada<\/strong> con el escandaloso estancamiento del caso de Jimena Rueda. El diputado record\u00f3 que Rueda, quien actu\u00f3 literalmente como &#8220;francotirador&#8221; amenazando la vida del Presidente de la Rep\u00fablica, goza de total impunidad en un expediente que lleva dos a\u00f1os sin moverse un mil\u00edmetro. Por el contrario, se\u00f1al\u00f3 c\u00f3mo en casos menores que involucran a opositores o figuras afines \u2014haciendo alusi\u00f3n a recientes condenas por amenazas durante protestas\u2014 la maquinaria judicial opera a m\u00e1xima velocidad logrando juicios y sentencias en tiempo r\u00e9cord. El legislador concluy\u00f3 criticando fuertemente la actitud, la arrogancia y la &#8220;ciza\u00f1a&#8221; con la que ciertos jerarcas fiscales se refieren al Poder Ejecutivo, consolidando la percepci\u00f3n de que la justicia en Costa Rica est\u00e1 perdiendo su venda para favorecer intereses puramente pol\u00edticos.<\/p>\n<p><!-- CAJA DE VIDEO + DOFOLLOW (RESPONSIVE) --><\/p>\n<div style=\"margin:20px 0; width:100%;\">\n<p>  <!-- CONTENEDOR VIDEO 16:9 --><\/p>\n<div style=\"position:relative; width:100%; padding-bottom:56.25%; height:0; overflow:hidden; border-radius:12px;\">\n    <iframe\n      data-src=\"https:\/\/www.youtube.com\/embed\/Jv2-sjGX8U4?enablejsapi=1\"\n      style=\"position:absolute; top:0; left:0; width:100%; height:100%; border:0;\"\n      allowfullscreen\n      src=\"data:image\/svg+xml;base64,PHN2ZyB3aWR0aD0iMSIgaGVpZ2h0PSIxIiB4bWxucz0iaHR0cDovL3d3dy53My5vcmcvMjAwMC9zdmciPjwvc3ZnPg==\" class=\"lazyload\" data-load-mode=\"1\"><br \/>\n    <\/iframe>\n  <\/div>\n<p>  <!-- ENLACE DOFOLLOW (SIN ATRIBUTOS REL) --><\/p>\n<p style=\"margin-top:12px; font-size:15px;\">\n    <strong>Recurso externo:<\/strong><br \/>\n    <a href=\"https:\/\/youtu.be\/Jv2-sjGX8U4\">Ver video completo en YouTube<\/a>\n  <\/p>\n<\/div>\n<p>&nbsp;<\/p>\n<p>Con informaci\u00f3n para STAY TV: <a href=\"https:\/\/www.staytv.com\">STAY TV<\/a><\/p>\n<p>&nbsp;<\/p>\n<p>&nbsp;<\/p>\n<p>&nbsp;<\/p>\n","protected":false},"excerpt":{"rendered":"<p>Ministerio P\u00fablico emite alerta migratoria para Pilar C [&hellip;]<\/p>\n","protected":false},"author":10,"featured_media":38525,"comment_status":"open","ping_status":"open","sticky":false,"template":"","format":"standard","meta":{"_monsterinsights_skip_tracking":false,"_monsterinsights_sitenote_active":false,"_monsterinsights_sitenote_note":"","_monsterinsights_sitenote_category":0,"episode_type":"","audio_file":"","podmotor_file_id":"","podmotor_episode_id":"","cover_image":"","cover_image_id":"","duration":"","filesize":"","filesize_raw":"","date_recorded":"","explicit":"","block":"","itunes_episode_number":"","itunes_title":"","itunes_season_number":"","itunes_episode_type":"","footnotes":""},"categories":[1],"tags":[7489,9116,9117,70,3818,1384,3590,1004],"class_list":["post-38524","post","type-post","status-publish","format-standard","has-post-thumbnail","category-sucesos","tag-kattia-calvo","tag-alerta-migratoria","tag-ariel-mora","tag-costa-rica","tag-fiscalia-general","tag-ministerio-publico","tag-pilar-cisneros","tag-politica"],"aioseo_notices":[],"aioseo_head":"\n\t\t<!-- All in One SEO Pro 4.8.3.2 - aioseo.com -->\n\t<meta name=\"description\" content=\"Ministerio P\u00fablico emite alerta migratoria para Pilar Cisneros con fines de declaraci\u00f3n indagatoria, desatando un fuerte pulso pol\u00edtico en el pa\u00eds.\" \/>\n\t<meta name=\"robots\" content=\"max-image-preview:large\" \/>\n\t<meta name=\"author\" content=\"Diego Molina\"\/>\n\t<link rel=\"canonical\" href=\"https:\/\/staytv.cr\/index.php\/2026\/09\/03\/persecucion-o-justicia-el-duro-cruce-de-declaraciones-tras-la-medida-contra-la-dama-de-hierro\/\" \/>\n\t<meta name=\"generator\" content=\"All in One SEO Pro (AIOSEO) 4.8.3.2\" \/>\n\t\t<meta property=\"og:locale\" content=\"zh_TW\" \/>\n\t\t<meta property=\"og:site_name\" content=\"Staytv - Medio de comunicaci\u00f3n digital de Costa Rica.\" \/>\n\t\t<meta property=\"og:type\" content=\"article\" \/>\n\t\t<meta property=\"og:title\" content=\"Cisneros: Ministerio P\u00fablico emite alerta migratoria\" \/>\n\t\t<meta property=\"og:description\" content=\"Ministerio P\u00fablico emite alerta migratoria para Pilar Cisneros con fines de declaraci\u00f3n indagatoria, desatando un fuerte pulso pol\u00edtico en el pa\u00eds.\" \/>\n\t\t<meta property=\"og:url\" content=\"https:\/\/staytv.cr\/index.php\/2026\/09\/03\/persecucion-o-justicia-el-duro-cruce-de-declaraciones-tras-la-medida-contra-la-dama-de-hierro\/\" \/>\n\t\t<meta property=\"og:image\" content=\"https:\/\/staytv.cr\/wp-content\/uploads\/Sin-titulo-5-301.png\" \/>\n\t\t<meta property=\"og:image:secure_url\" content=\"https:\/\/staytv.cr\/wp-content\/uploads\/Sin-titulo-5-301.png\" \/>\n\t\t<meta property=\"og:image:width\" content=\"1200\" \/>\n\t\t<meta property=\"og:image:height\" content=\"630\" \/>\n\t\t<meta property=\"article:published_time\" content=\"2026-09-03T20:10:11+00:00\" \/>\n\t\t<meta property=\"article:modified_time\" content=\"2026-09-03T20:10:11+00:00\" \/>\n\t\t<meta property=\"article:publisher\" content=\"https:\/\/www.facebook.com\/staytvcr\" \/>\n\t\t<meta name=\"twitter:card\" content=\"summary_large_image\" \/>\n\t\t<meta name=\"twitter:title\" content=\"Cisneros: Ministerio P\u00fablico emite alerta migratoria\" \/>\n\t\t<meta name=\"twitter:description\" content=\"Ministerio P\u00fablico emite alerta migratoria para Pilar Cisneros con fines de declaraci\u00f3n indagatoria, desatando un fuerte pulso pol\u00edtico en el pa\u00eds.\" \/>\n\t\t<meta name=\"twitter:image\" content=\"https:\/\/staytv.cr\/wp-content\/uploads\/Sin-titulo-5-301.png\" \/>\n\t\t<script type=\"application\/ld+json\" class=\"aioseo-schema\">\n\t\t\t{\"@context\":\"https:\\\/\\\/schema.org\",\"@graph\":[{\"@type\":\"BreadcrumbList\",\"@id\":\"https:\\\/\\\/staytv.cr\\\/index.php\\\/2026\\\/09\\\/03\\\/persecucion-o-justicia-el-duro-cruce-de-declaraciones-tras-la-medida-contra-la-dama-de-hierro\\\/#breadcrumblist\",\"itemListElement\":[{\"@type\":\"ListItem\",\"@id\":\"https:\\\/\\\/staytv.cr#listItem\",\"position\":1,\"name\":\"Home\",\"item\":\"https:\\\/\\\/staytv.cr\",\"nextItem\":{\"@type\":\"ListItem\",\"@id\":\"https:\\\/\\\/staytv.cr\\\/index.php\\\/category\\\/sucesos\\\/#listItem\",\"name\":\"SUCESOS\"}},{\"@type\":\"ListItem\",\"@id\":\"https:\\\/\\\/staytv.cr\\\/index.php\\\/category\\\/sucesos\\\/#listItem\",\"position\":2,\"name\":\"SUCESOS\",\"item\":\"https:\\\/\\\/staytv.cr\\\/index.php\\\/category\\\/sucesos\\\/\",\"nextItem\":{\"@type\":\"ListItem\",\"@id\":\"https:\\\/\\\/staytv.cr\\\/index.php\\\/2026\\\/09\\\/03\\\/persecucion-o-justicia-el-duro-cruce-de-declaraciones-tras-la-medida-contra-la-dama-de-hierro\\\/#listItem\",\"name\":\"\\u00bfPersecuci\\u00f3n o justicia? El duro cruce de declaraciones tras la medida contra la &#8220;dama de hierro&#8221;\"},\"previousItem\":{\"@type\":\"ListItem\",\"@id\":\"https:\\\/\\\/staytv.cr#listItem\",\"name\":\"Home\"}},{\"@type\":\"ListItem\",\"@id\":\"https:\\\/\\\/staytv.cr\\\/index.php\\\/2026\\\/09\\\/03\\\/persecucion-o-justicia-el-duro-cruce-de-declaraciones-tras-la-medida-contra-la-dama-de-hierro\\\/#listItem\",\"position\":3,\"name\":\"\\u00bfPersecuci\\u00f3n o justicia? El duro cruce de declaraciones tras la medida contra la &#8220;dama de hierro&#8221;\",\"previousItem\":{\"@type\":\"ListItem\",\"@id\":\"https:\\\/\\\/staytv.cr\\\/index.php\\\/category\\\/sucesos\\\/#listItem\",\"name\":\"SUCESOS\"}}]},{\"@type\":\"Organization\",\"@id\":\"https:\\\/\\\/staytv.cr\\\/#organization\",\"name\":\"Stay TV\",\"description\":\"Stay TV es un medio digital de noticias con base en Centroam\\u00e9rica, con cobertura local e internacional desde una mirada asi\\u00e1tica.\",\"url\":\"https:\\\/\\\/staytv.cr\\\/\",\"logo\":{\"@type\":\"ImageObject\",\"url\":\"https:\\\/\\\/staytv.cr\\\/wp-content\\\/uploads\\\/cropped-StayTV_logo_oficial_simple.png\",\"@id\":\"https:\\\/\\\/staytv.cr\\\/index.php\\\/2026\\\/09\\\/03\\\/persecucion-o-justicia-el-duro-cruce-de-declaraciones-tras-la-medida-contra-la-dama-de-hierro\\\/#organizationLogo\",\"width\":2560,\"height\":769},\"image\":{\"@id\":\"https:\\\/\\\/staytv.cr\\\/index.php\\\/2026\\\/09\\\/03\\\/persecucion-o-justicia-el-duro-cruce-de-declaraciones-tras-la-medida-contra-la-dama-de-hierro\\\/#organizationLogo\"},\"sameAs\":[\"https:\\\/\\\/www.instagram.com\\\/staytvcr\\\/\"]},{\"@type\":\"Person\",\"@id\":\"https:\\\/\\\/staytv.cr\\\/index.php\\\/author\\\/diegostaytv\\\/#author\",\"url\":\"https:\\\/\\\/staytv.cr\\\/index.php\\\/author\\\/diegostaytv\\\/\",\"name\":\"Diego Molina\",\"image\":{\"@type\":\"ImageObject\",\"url\":\"https:\\\/\\\/secure.gravatar.com\\\/avatar\\\/7d23cb63381aa64750c7e76727c208369ebd6f2565e9dc4c62e323b1ea59af41?s=96&d=mm&r=g\"}},{\"@type\":\"WebPage\",\"@id\":\"https:\\\/\\\/staytv.cr\\\/index.php\\\/2026\\\/09\\\/03\\\/persecucion-o-justicia-el-duro-cruce-de-declaraciones-tras-la-medida-contra-la-dama-de-hierro\\\/#webpage\",\"url\":\"https:\\\/\\\/staytv.cr\\\/index.php\\\/2026\\\/09\\\/03\\\/persecucion-o-justicia-el-duro-cruce-de-declaraciones-tras-la-medida-contra-la-dama-de-hierro\\\/\",\"name\":\"Cisneros: Ministerio P\\u00fablico emite alerta migratoria\",\"description\":\"Ministerio P\\u00fablico emite alerta migratoria para Pilar Cisneros con fines de declaraci\\u00f3n indagatoria, desatando un fuerte pulso pol\\u00edtico en el pa\\u00eds.\",\"inLanguage\":\"zh-TW\",\"isPartOf\":{\"@id\":\"https:\\\/\\\/staytv.cr\\\/#website\"},\"breadcrumb\":{\"@id\":\"https:\\\/\\\/staytv.cr\\\/index.php\\\/2026\\\/09\\\/03\\\/persecucion-o-justicia-el-duro-cruce-de-declaraciones-tras-la-medida-contra-la-dama-de-hierro\\\/#breadcrumblist\"},\"author\":{\"@id\":\"https:\\\/\\\/staytv.cr\\\/index.php\\\/author\\\/diegostaytv\\\/#author\"},\"creator\":{\"@id\":\"https:\\\/\\\/staytv.cr\\\/index.php\\\/author\\\/diegostaytv\\\/#author\"},\"image\":{\"@type\":\"ImageObject\",\"url\":\"https:\\\/\\\/staytv.cr\\\/wp-content\\\/uploads\\\/Sin-titulo-5-301.png\",\"@id\":\"https:\\\/\\\/staytv.cr\\\/index.php\\\/2026\\\/09\\\/03\\\/persecucion-o-justicia-el-duro-cruce-de-declaraciones-tras-la-medida-contra-la-dama-de-hierro\\\/#mainImage\",\"width\":1200,\"height\":630,\"caption\":\"La exdiputada Pilar Cisneros en una comparecencia p\\u00fablica, rodeada de medios de comunicaci\\u00f3n.\"},\"primaryImageOfPage\":{\"@id\":\"https:\\\/\\\/staytv.cr\\\/index.php\\\/2026\\\/09\\\/03\\\/persecucion-o-justicia-el-duro-cruce-de-declaraciones-tras-la-medida-contra-la-dama-de-hierro\\\/#mainImage\"},\"datePublished\":\"2026-09-03T14:10:11-06:00\",\"dateModified\":\"2026-09-03T14:10:11-06:00\"},{\"@type\":\"WebSite\",\"@id\":\"https:\\\/\\\/staytv.cr\\\/#website\",\"url\":\"https:\\\/\\\/staytv.cr\\\/\",\"name\":\"Staytv\",\"description\":\"Medio de comunicaci\\u00f3n digital de Costa Rica.\",\"inLanguage\":\"zh-TW\",\"publisher\":{\"@id\":\"https:\\\/\\\/staytv.cr\\\/#organization\"}}]}\n\t\t<\/script>\n\t\t<!-- All in One SEO Pro -->\r\n\t\t<title>Cisneros: Ministerio P\u00fablico emite alerta migratoria<\/title>\n\n","aioseo_head_json":{"title":"Cisneros: Ministerio P\u00fablico emite alerta migratoria","description":"Ministerio P\u00fablico emite alerta migratoria para Pilar Cisneros con fines de declaraci\u00f3n indagatoria, desatando un fuerte pulso pol\u00edtico en el pa\u00eds.","canonical_url":"https:\/\/staytv.cr\/index.php\/2026\/09\/03\/persecucion-o-justicia-el-duro-cruce-de-declaraciones-tras-la-medida-contra-la-dama-de-hierro\/","robots":"max-image-preview:large","keywords":"","webmasterTools":{"miscellaneous":""},"schema":{"@context":"https:\/\/schema.org","@graph":[{"@type":"BreadcrumbList","@id":"https:\/\/staytv.cr\/index.php\/2026\/09\/03\/persecucion-o-justicia-el-duro-cruce-de-declaraciones-tras-la-medida-contra-la-dama-de-hierro\/#breadcrumblist","itemListElement":[{"@type":"ListItem","@id":"https:\/\/staytv.cr#listItem","position":1,"name":"Home","item":"https:\/\/staytv.cr","nextItem":{"@type":"ListItem","@id":"https:\/\/staytv.cr\/index.php\/category\/sucesos\/#listItem","name":"SUCESOS"}},{"@type":"ListItem","@id":"https:\/\/staytv.cr\/index.php\/category\/sucesos\/#listItem","position":2,"name":"SUCESOS","item":"https:\/\/staytv.cr\/index.php\/category\/sucesos\/","nextItem":{"@type":"ListItem","@id":"https:\/\/staytv.cr\/index.php\/2026\/09\/03\/persecucion-o-justicia-el-duro-cruce-de-declaraciones-tras-la-medida-contra-la-dama-de-hierro\/#listItem","name":"\u00bfPersecuci\u00f3n o justicia? El duro cruce de declaraciones tras la medida contra la &#8220;dama de hierro&#8221;"},"previousItem":{"@type":"ListItem","@id":"https:\/\/staytv.cr#listItem","name":"Home"}},{"@type":"ListItem","@id":"https:\/\/staytv.cr\/index.php\/2026\/09\/03\/persecucion-o-justicia-el-duro-cruce-de-declaraciones-tras-la-medida-contra-la-dama-de-hierro\/#listItem","position":3,"name":"\u00bfPersecuci\u00f3n o justicia? El duro cruce de declaraciones tras la medida contra la &#8220;dama de hierro&#8221;","previousItem":{"@type":"ListItem","@id":"https:\/\/staytv.cr\/index.php\/category\/sucesos\/#listItem","name":"SUCESOS"}}]},{"@type":"Organization","@id":"https:\/\/staytv.cr\/#organization","name":"Stay TV","description":"Stay TV es un medio digital de noticias con base en Centroam\u00e9rica, con cobertura local e internacional desde una mirada asi\u00e1tica.","url":"https:\/\/staytv.cr\/","logo":{"@type":"ImageObject","url":"https:\/\/staytv.cr\/wp-content\/uploads\/cropped-StayTV_logo_oficial_simple.png","@id":"https:\/\/staytv.cr\/index.php\/2026\/09\/03\/persecucion-o-justicia-el-duro-cruce-de-declaraciones-tras-la-medida-contra-la-dama-de-hierro\/#organizationLogo","width":2560,"height":769},"image":{"@id":"https:\/\/staytv.cr\/index.php\/2026\/09\/03\/persecucion-o-justicia-el-duro-cruce-de-declaraciones-tras-la-medida-contra-la-dama-de-hierro\/#organizationLogo"},"sameAs":["https:\/\/www.instagram.com\/staytvcr\/"]},{"@type":"Person","@id":"https:\/\/staytv.cr\/index.php\/author\/diegostaytv\/#author","url":"https:\/\/staytv.cr\/index.php\/author\/diegostaytv\/","name":"Diego Molina","image":{"@type":"ImageObject","url":"https:\/\/secure.gravatar.com\/avatar\/7d23cb63381aa64750c7e76727c208369ebd6f2565e9dc4c62e323b1ea59af41?s=96&d=mm&r=g"}},{"@type":"WebPage","@id":"https:\/\/staytv.cr\/index.php\/2026\/09\/03\/persecucion-o-justicia-el-duro-cruce-de-declaraciones-tras-la-medida-contra-la-dama-de-hierro\/#webpage","url":"https:\/\/staytv.cr\/index.php\/2026\/09\/03\/persecucion-o-justicia-el-duro-cruce-de-declaraciones-tras-la-medida-contra-la-dama-de-hierro\/","name":"Cisneros: Ministerio P\u00fablico emite alerta migratoria","description":"Ministerio P\u00fablico emite alerta migratoria para Pilar Cisneros con fines de declaraci\u00f3n indagatoria, desatando un fuerte pulso pol\u00edtico en el pa\u00eds.","inLanguage":"zh-TW","isPartOf":{"@id":"https:\/\/staytv.cr\/#website"},"breadcrumb":{"@id":"https:\/\/staytv.cr\/index.php\/2026\/09\/03\/persecucion-o-justicia-el-duro-cruce-de-declaraciones-tras-la-medida-contra-la-dama-de-hierro\/#breadcrumblist"},"author":{"@id":"https:\/\/staytv.cr\/index.php\/author\/diegostaytv\/#author"},"creator":{"@id":"https:\/\/staytv.cr\/index.php\/author\/diegostaytv\/#author"},"image":{"@type":"ImageObject","url":"https:\/\/staytv.cr\/wp-content\/uploads\/Sin-titulo-5-301.png","@id":"https:\/\/staytv.cr\/index.php\/2026\/09\/03\/persecucion-o-justicia-el-duro-cruce-de-declaraciones-tras-la-medida-contra-la-dama-de-hierro\/#mainImage","width":1200,"height":630,"caption":"La exdiputada Pilar Cisneros en una comparecencia p\u00fablica, rodeada de medios de comunicaci\u00f3n."},"primaryImageOfPage":{"@id":"https:\/\/staytv.cr\/index.php\/2026\/09\/03\/persecucion-o-justicia-el-duro-cruce-de-declaraciones-tras-la-medida-contra-la-dama-de-hierro\/#mainImage"},"datePublished":"2026-09-03T14:10:11-06:00","dateModified":"2026-09-03T14:10:11-06:00"},{"@type":"WebSite","@id":"https:\/\/staytv.cr\/#website","url":"https:\/\/staytv.cr\/","name":"Staytv","description":"Medio de comunicaci\u00f3n digital de Costa Rica.","inLanguage":"zh-TW","publisher":{"@id":"https:\/\/staytv.cr\/#organization"}}]},"og:locale":"zh_TW","og:site_name":"Staytv - Medio de comunicaci\u00f3n digital de Costa Rica.","og:type":"article","og:title":"Cisneros: Ministerio P\u00fablico emite alerta migratoria","og:description":"Ministerio P\u00fablico emite alerta migratoria para Pilar Cisneros con fines de declaraci\u00f3n indagatoria, desatando un fuerte pulso pol\u00edtico en el pa\u00eds.","og:url":"https:\/\/staytv.cr\/index.php\/2026\/09\/03\/persecucion-o-justicia-el-duro-cruce-de-declaraciones-tras-la-medida-contra-la-dama-de-hierro\/","og:image":"https:\/\/staytv.cr\/wp-content\/uploads\/Sin-titulo-5-301.png","og:image:secure_url":"https:\/\/staytv.cr\/wp-content\/uploads\/Sin-titulo-5-301.png","og:image:width":1200,"og:image:height":630,"article:published_time":"2026-09-03T20:10:11+00:00","article:modified_time":"2026-09-03T20:10:11+00:00","article:publisher":"https:\/\/www.facebook.com\/staytvcr","twitter:card":"summary_large_image","twitter:title":"Cisneros: Ministerio P\u00fablico emite alerta migratoria","twitter:description":"Ministerio P\u00fablico emite alerta migratoria para Pilar Cisneros con fines de declaraci\u00f3n indagatoria, desatando un fuerte pulso pol\u00edtico en el pa\u00eds.","twitter:image":"https:\/\/staytv.cr\/wp-content\/uploads\/Sin-titulo-5-301.png"},"aioseo_meta_data":{"post_id":"38524","title":"Cisneros: Ministerio P\u00fablico emite alerta migratoria","description":"Ministerio P\u00fablico emite alerta migratoria para Pilar Cisneros con fines de declaraci\u00f3n indagatoria, desatando un fuerte pulso pol\u00edtico en el pa\u00eds.","keywords":null,"keyphrases":{"focus":{"keyphrase":"Cisneros","score":85,"analysis":{"keyphraseInTitle":{"score":9,"maxScore":9,"error":0},"keyphraseInDescription":{"score":9,"maxScore":9,"error":0},"keyphraseLength":{"score":9,"maxScore":9,"error":0,"length":1},"keyphraseInURL":{"score":1,"maxScore":5,"error":1},"keyphraseInIntroduction":{"score":9,"maxScore":9,"error":0},"keyphraseInSubHeadings":{"score":3,"maxScore":9,"error":1},"keyphraseInImageAlt":{"score":9,"maxScore":9,"error":0},"keywordDensity":{"type":"best","score":9,"maxScore":9,"error":0}}},"additional":[]},"canonical_url":null,"og_title":null,"og_description":null,"og_object_type":"default","og_image_type":"default","og_image_custom_url":null,"og_image_custom_fields":null,"og_custom_image_width":null,"og_custom_image_height":null,"og_video":"","og_custom_url":null,"og_article_section":null,"og_article_tags":null,"twitter_use_og":true,"twitter_card":"default","twitter_image_type":"default","twitter_image_custom_url":null,"twitter_image_custom_fields":null,"twitter_title":null,"twitter_description":null,"schema_type":null,"schema_type_options":null,"pillar_content":false,"robots_default":true,"robots_noindex":false,"robots_noarchive":false,"robots_nosnippet":false,"robots_nofollow":false,"robots_noimageindex":false,"robots_noodp":false,"robots_notranslate":false,"robots_max_snippet":"-1","robots_max_videopreview":"-1","robots_max_imagepreview":"none","tabs":null,"priority":null,"frequency":"default","local_seo":null,"created":"2026-09-03 20:05:21","updated":"2026-09-03 20:10:12"},"aioseo_breadcrumb":"<div class=\"aioseo-breadcrumbs\"><span class=\"aioseo-breadcrumb\">\n\t<a href=\"https:\/\/staytv.cr\" title=\"Home\">Home<\/a>\n<\/span><span class=\"aioseo-breadcrumb-separator\">&raquo;<\/span><span class=\"aioseo-breadcrumb\">\n\t<a href=\"https:\/\/staytv.cr\/index.php\/category\/sucesos\/\" title=\"SUCESOS\">SUCESOS<\/a>\n<\/span><span class=\"aioseo-breadcrumb-separator\">&raquo;<\/span><span class=\"aioseo-breadcrumb\">\n\t\u00bfPersecuci\u00f3n o justicia? El duro cruce de declaraciones tras la medida contra la \u201cdama de hierro\u201d\n<\/span><\/div>","aioseo_breadcrumb_json":[{"label":"Home","link":"https:\/\/staytv.cr"},{"label":"SUCESOS","link":"https:\/\/staytv.cr\/index.php\/category\/sucesos\/"},{"label":"\u00bfPersecuci\u00f3n o justicia? El duro cruce de declaraciones tras la medida contra la &#8220;dama de hierro&#8221;","link":"https:\/\/staytv.cr\/index.php\/2026\/09\/03\/persecucion-o-justicia-el-duro-cruce-de-declaraciones-tras-la-medida-contra-la-dama-de-hierro\/"}],"_links":{"self":[{"href":"https:\/\/staytv.cr\/index.php\/wp-json\/wp\/v2\/posts\/38524","targetHints":{"allow":["GET"]}}],"collection":[{"href":"https:\/\/staytv.cr\/index.php\/wp-json\/wp\/v2\/posts"}],"about":[{"href":"https:\/\/staytv.cr\/index.php\/wp-json\/wp\/v2\/types\/post"}],"author":[{"embeddable":true,"href":"https:\/\/staytv.cr\/index.php\/wp-json\/wp\/v2\/users\/10"}],"replies":[{"embeddable":true,"href":"https:\/\/staytv.cr\/index.php\/wp-json\/wp\/v2\/comments?post=38524"}],"version-history":[{"count":1,"href":"https:\/\/staytv.cr\/index.php\/wp-json\/wp\/v2\/posts\/38524\/revisions"}],"predecessor-version":[{"id":38526,"href":"https:\/\/staytv.cr\/index.php\/wp-json\/wp\/v2\/posts\/38524\/revisions\/38526"}],"wp:featuredmedia":[{"embeddable":true,"href":"https:\/\/staytv.cr\/index.php\/wp-json\/wp\/v2\/media\/38525"}],"wp:attachment":[{"href":"https:\/\/staytv.cr\/index.php\/wp-json\/wp\/v2\/media?parent=38524"}],"wp:term":[{"taxonomy":"category","embeddable":true,"href":"https:\/\/staytv.cr\/index.php\/wp-json\/wp\/v2\/categories?post=38524"},{"taxonomy":"post_tag","embeddable":true,"href":"https:\/\/staytv.cr\/index.php\/wp-json\/wp\/v2\/tags?post=38524"}],"curies":[{"name":"wp","href":"https:\/\/api.w.org\/{rel}","templated":true}]}}