{"id":38539,"date":"2026-09-04T16:51:18","date_gmt":"2026-09-04T22:51:18","guid":{"rendered":"https:\/\/staytv.cr\/?p=38539"},"modified":"2026-09-04T16:51:18","modified_gmt":"2026-09-04T22:51:18","slug":"tesla-lanza-cybercab-en-austin-sin-volante-ni-pedales","status":"publish","type":"post","link":"https:\/\/staytv.cr\/index.php\/2026\/09\/04\/tesla-lanza-cybercab-en-austin-sin-volante-ni-pedales\/","title":{"rendered":"Tesla lanza Cybercab en Austin sin volante ni pedales"},"content":{"rendered":"<p>Tesla present\u00f3 esta semana su Cybercab en un evento privado en Austin, Texas, con un veh\u00edculo dorado de dos asientos sin volante ni pedales, en una se\u00f1al de que la empresa quiere acelerar su plan de robotaxis.<\/p>\n<p>El lanzamiento tuvo un perfil bajo, pero marc\u00f3 un paso formal en la estrategia de Elon Musk de centrar el futuro de Tesla en la conducci\u00f3n aut\u00f3noma, los servicios de transporte bajo demanda y la movilidad apoyada en inteligencia artificial.<\/p>\n<p><img decoding=\"async\" data-src=\"https:\/\/observador.cr\/wp-content\/uploads\/2026\/09\/AFP__20260903__C7B322X__v1__HighRes__UsTechnologyTeslaCybercab-1024x683.jpg\" alt=\"Tesla lanza su Cybercab, un robotaxi sin volante ni pedales - El Observador  CR\" width=\"1024\" class=\"smush-dimensions lazyload\" style=\"--smush-image-width: 1024px; --smush-image-aspect-ratio: 1024\/683;\" src=\"data:image\/svg+xml;base64,PHN2ZyB3aWR0aD0iMSIgaGVpZ2h0PSIxIiB4bWxucz0iaHR0cDovL3d3dy53My5vcmcvMjAwMC9zdmciPjwvc3ZnPg==\" \/><\/p>\n<h2>Un dise\u00f1o pensado para operaci\u00f3n aut\u00f3noma<\/h2>\n<p>El formato del Cybercab refuerza esa direcci\u00f3n. La ausencia de controles tradicionales apunta a un uso concebido desde el inicio para operaci\u00f3n sin conductor humano al mando.<\/p>\n<p>Adem\u00e1s, Tesla abri\u00f3 un registro para compradores interesados en adquisiciones de flota, una se\u00f1al de que el modelo no se perfila solo como un carro de consumo masivo.<\/p>\n<p>Esa decisi\u00f3n sugiere que la empresa busca integrar el veh\u00edculo a una red comercial de transporte, donde varias unidades puedan operar como parte de un servicio de robotaxi.<\/p>\n<h2>La apuesta de Tesla va m\u00e1s all\u00e1 del veh\u00edculo<\/h2>\n<p>El movimiento encaja con el giro estrat\u00e9gico que Tesla ha defendido en los \u00faltimos a\u00f1os. La compa\u00f1\u00eda ha vinculado su valoraci\u00f3n futura al desarrollo de software aut\u00f3nomo, despliegues de IA y nuevos servicios de movilidad.<\/p>\n<p>Sin embargo, el avance de ese plan depende no solo del veh\u00edculo. Tambi\u00e9n requiere validaci\u00f3n tecnol\u00f3gica, capacidad operativa y condiciones regulatorias que permitan un servicio comercial a escala.<\/p>\n<p>Por otro lado, el hecho de promover compras para flota muestra un inter\u00e9s por asegurar clientes operativos desde una etapa temprana, algo clave si la meta es construir una red de transporte y no solo vender unidades.<\/p>\n<p>Ese enfoque cambia el peso del negocio. En lugar de depender \u00fanicamente de la venta del carro, Tesla intenta abrir una v\u00eda de ingresos ligada al uso continuo del veh\u00edculo en servicios automatizados.<\/p>\n<p>Asimismo, el lanzamiento en Austin coloca el proyecto en una ciudad donde Tesla ya tiene una presencia industrial relevante, en momentos en que la empresa busca convertir su narrativa de autonom\u00eda en un producto comercial concreto.<\/p>\n<p>Si Tesla logra llevar el Cybercab de una presentaci\u00f3n privada a una operaci\u00f3n estable de flotas, la empresa pondr\u00e1 a prueba si su apuesta por robotaxis puede sostenerse como el siguiente eje de crecimiento.<\/p>\n","protected":false},"excerpt":{"rendered":"<p>Tesla present\u00f3 esta semana su Cybercab en un evento pri [&hellip;]<\/p>\n","protected":false},"author":11,"featured_media":38588,"comment_status":"open","ping_status":"open","sticky":false,"template":"","format":"standard","meta":{"_monsterinsights_skip_tracking":false,"_monsterinsights_sitenote_active":false,"_monsterinsights_sitenote_note":"","_monsterinsights_sitenote_category":0,"episode_type":"","audio_file":"","podmotor_file_id":"","podmotor_episode_id":"","cover_image":"","cover_image_id":"","duration":"","filesize":"","filesize_raw":"","date_recorded":"","explicit":"","block":"","itunes_episode_number":"","itunes_title":"","itunes_season_number":"","itunes_episode_type":"","footnotes":""},"categories":[54,403],"tags":[],"class_list":["post-38539","post","type-post","status-publish","format-standard","has-post-thumbnail","category-economics","category-tech"],"aioseo_notices":[],"aioseo_head":"\n\t\t<!-- All in One SEO Pro 4.8.3.2 - aioseo.com -->\n\t<meta name=\"description\" content=\"Tesla present\u00f3 esta semana en Austin el Cybercab, un veh\u00edculo de dos asientos sin volante ni pedales, mientras acelera su apuesta por robotaxis y conducci\u00f3n aut\u00f3noma.\" \/>\n\t<meta name=\"robots\" content=\"max-image-preview:large\" \/>\n\t<meta name=\"author\" content=\"Ryan\"\/>\n\t<link rel=\"canonical\" href=\"https:\/\/staytv.cr\/index.php\/2026\/09\/04\/tesla-lanza-cybercab-en-austin-sin-volante-ni-pedales\/\" \/>\n\t<meta name=\"generator\" content=\"All in One SEO Pro (AIOSEO) 4.8.3.2\" \/>\n\t\t<meta property=\"og:locale\" content=\"zh_TW\" \/>\n\t\t<meta property=\"og:site_name\" content=\"Staytv - Medio de comunicaci\u00f3n digital de Costa Rica.\" \/>\n\t\t<meta property=\"og:type\" content=\"article\" \/>\n\t\t<meta property=\"og:title\" content=\"Tesla lanza Cybercab en Austin sin volante ni pedales\" \/>\n\t\t<meta property=\"og:description\" content=\"Tesla present\u00f3 esta semana en Austin el Cybercab, un veh\u00edculo de dos asientos sin volante ni pedales, mientras acelera su apuesta por robotaxis y conducci\u00f3n aut\u00f3noma.\" \/>\n\t\t<meta property=\"og:url\" content=\"https:\/\/staytv.cr\/index.php\/2026\/09\/04\/tesla-lanza-cybercab-en-austin-sin-volante-ni-pedales\/\" \/>\n\t\t<meta property=\"og:image\" content=\"https:\/\/staytv.cr\/wp-content\/uploads\/Sin-titulo-9-238.png\" \/>\n\t\t<meta property=\"og:image:secure_url\" content=\"https:\/\/staytv.cr\/wp-content\/uploads\/Sin-titulo-9-238.png\" \/>\n\t\t<meta property=\"og:image:width\" content=\"1200\" \/>\n\t\t<meta property=\"og:image:height\" content=\"630\" \/>\n\t\t<meta property=\"article:published_time\" content=\"2026-09-04T22:51:18+00:00\" \/>\n\t\t<meta property=\"article:modified_time\" content=\"2026-09-04T22:51:18+00:00\" \/>\n\t\t<meta property=\"article:publisher\" content=\"https:\/\/www.facebook.com\/staytvcr\" \/>\n\t\t<meta name=\"twitter:card\" content=\"summary_large_image\" \/>\n\t\t<meta name=\"twitter:title\" content=\"Tesla lanza Cybercab en Austin sin volante ni pedales\" \/>\n\t\t<meta name=\"twitter:description\" content=\"Tesla present\u00f3 esta semana en Austin el Cybercab, un veh\u00edculo de dos asientos sin volante ni pedales, mientras acelera su apuesta por robotaxis y conducci\u00f3n aut\u00f3noma.\" \/>\n\t\t<meta name=\"twitter:image\" content=\"https:\/\/staytv.cr\/wp-content\/uploads\/Sin-titulo-9-238.png\" \/>\n\t\t<script type=\"application\/ld+json\" class=\"aioseo-schema\">\n\t\t\t{\"@context\":\"https:\\\/\\\/schema.org\",\"@graph\":[{\"@type\":\"BreadcrumbList\",\"@id\":\"https:\\\/\\\/staytv.cr\\\/index.php\\\/2026\\\/09\\\/04\\\/tesla-lanza-cybercab-en-austin-sin-volante-ni-pedales\\\/#breadcrumblist\",\"itemListElement\":[{\"@type\":\"ListItem\",\"@id\":\"https:\\\/\\\/staytv.cr#listItem\",\"position\":1,\"name\":\"Home\",\"item\":\"https:\\\/\\\/staytv.cr\",\"nextItem\":{\"@type\":\"ListItem\",\"@id\":\"https:\\\/\\\/staytv.cr\\\/index.php\\\/category\\\/economics\\\/#listItem\",\"name\":\"ECONOM\\u00cdA\"}},{\"@type\":\"ListItem\",\"@id\":\"https:\\\/\\\/staytv.cr\\\/index.php\\\/category\\\/economics\\\/#listItem\",\"position\":2,\"name\":\"ECONOM\\u00cdA\",\"item\":\"https:\\\/\\\/staytv.cr\\\/index.php\\\/category\\\/economics\\\/\",\"nextItem\":{\"@type\":\"ListItem\",\"@id\":\"https:\\\/\\\/staytv.cr\\\/index.php\\\/2026\\\/09\\\/04\\\/tesla-lanza-cybercab-en-austin-sin-volante-ni-pedales\\\/#listItem\",\"name\":\"Tesla lanza Cybercab en Austin sin volante ni pedales\"},\"previousItem\":{\"@type\":\"ListItem\",\"@id\":\"https:\\\/\\\/staytv.cr#listItem\",\"name\":\"Home\"}},{\"@type\":\"ListItem\",\"@id\":\"https:\\\/\\\/staytv.cr\\\/index.php\\\/2026\\\/09\\\/04\\\/tesla-lanza-cybercab-en-austin-sin-volante-ni-pedales\\\/#listItem\",\"position\":3,\"name\":\"Tesla lanza Cybercab en Austin sin volante ni pedales\",\"previousItem\":{\"@type\":\"ListItem\",\"@id\":\"https:\\\/\\\/staytv.cr\\\/index.php\\\/category\\\/economics\\\/#listItem\",\"name\":\"ECONOM\\u00cdA\"}}]},{\"@type\":\"Organization\",\"@id\":\"https:\\\/\\\/staytv.cr\\\/#organization\",\"name\":\"Stay TV\",\"description\":\"Stay TV es un medio digital de noticias con base en Centroam\\u00e9rica, con cobertura local e internacional desde una mirada asi\\u00e1tica.\",\"url\":\"https:\\\/\\\/staytv.cr\\\/\",\"logo\":{\"@type\":\"ImageObject\",\"url\":\"https:\\\/\\\/staytv.cr\\\/wp-content\\\/uploads\\\/cropped-StayTV_logo_oficial_simple.png\",\"@id\":\"https:\\\/\\\/staytv.cr\\\/index.php\\\/2026\\\/09\\\/04\\\/tesla-lanza-cybercab-en-austin-sin-volante-ni-pedales\\\/#organizationLogo\",\"width\":2560,\"height\":769},\"image\":{\"@id\":\"https:\\\/\\\/staytv.cr\\\/index.php\\\/2026\\\/09\\\/04\\\/tesla-lanza-cybercab-en-austin-sin-volante-ni-pedales\\\/#organizationLogo\"},\"sameAs\":[\"https:\\\/\\\/www.instagram.com\\\/staytvcr\\\/\"]},{\"@type\":\"Person\",\"@id\":\"https:\\\/\\\/staytv.cr\\\/index.php\\\/author\\\/ryantv\\\/#author\",\"url\":\"https:\\\/\\\/staytv.cr\\\/index.php\\\/author\\\/ryantv\\\/\",\"name\":\"Ryan\",\"image\":{\"@type\":\"ImageObject\",\"url\":\"https:\\\/\\\/secure.gravatar.com\\\/avatar\\\/f95152fd26e0540ce723631868753fd2ae822574fa609b52b1b123eea57755e2?s=96&d=mm&r=g\"}},{\"@type\":\"WebPage\",\"@id\":\"https:\\\/\\\/staytv.cr\\\/index.php\\\/2026\\\/09\\\/04\\\/tesla-lanza-cybercab-en-austin-sin-volante-ni-pedales\\\/#webpage\",\"url\":\"https:\\\/\\\/staytv.cr\\\/index.php\\\/2026\\\/09\\\/04\\\/tesla-lanza-cybercab-en-austin-sin-volante-ni-pedales\\\/\",\"name\":\"Tesla lanza Cybercab en Austin sin volante ni pedales\",\"description\":\"Tesla present\\u00f3 esta semana en Austin el Cybercab, un veh\\u00edculo de dos asientos sin volante ni pedales, mientras acelera su apuesta por robotaxis y conducci\\u00f3n aut\\u00f3noma.\",\"inLanguage\":\"zh-TW\",\"isPartOf\":{\"@id\":\"https:\\\/\\\/staytv.cr\\\/#website\"},\"breadcrumb\":{\"@id\":\"https:\\\/\\\/staytv.cr\\\/index.php\\\/2026\\\/09\\\/04\\\/tesla-lanza-cybercab-en-austin-sin-volante-ni-pedales\\\/#breadcrumblist\"},\"author\":{\"@id\":\"https:\\\/\\\/staytv.cr\\\/index.php\\\/author\\\/ryantv\\\/#author\"},\"creator\":{\"@id\":\"https:\\\/\\\/staytv.cr\\\/index.php\\\/author\\\/ryantv\\\/#author\"},\"image\":{\"@type\":\"ImageObject\",\"url\":\"https:\\\/\\\/staytv.cr\\\/wp-content\\\/uploads\\\/Sin-titulo-9-238.png\",\"@id\":\"https:\\\/\\\/staytv.cr\\\/index.php\\\/2026\\\/09\\\/04\\\/tesla-lanza-cybercab-en-austin-sin-volante-ni-pedales\\\/#mainImage\",\"width\":1200,\"height\":630},\"primaryImageOfPage\":{\"@id\":\"https:\\\/\\\/staytv.cr\\\/index.php\\\/2026\\\/09\\\/04\\\/tesla-lanza-cybercab-en-austin-sin-volante-ni-pedales\\\/#mainImage\"},\"datePublished\":\"2026-09-04T16:51:18-06:00\",\"dateModified\":\"2026-09-04T16:51:18-06:00\"},{\"@type\":\"WebSite\",\"@id\":\"https:\\\/\\\/staytv.cr\\\/#website\",\"url\":\"https:\\\/\\\/staytv.cr\\\/\",\"name\":\"Staytv\",\"description\":\"Medio de comunicaci\\u00f3n digital de Costa Rica.\",\"inLanguage\":\"zh-TW\",\"publisher\":{\"@id\":\"https:\\\/\\\/staytv.cr\\\/#organization\"}}]}\n\t\t<\/script>\n\t\t<!-- All in One SEO Pro -->\r\n\t\t<title>Tesla lanza Cybercab en Austin sin volante ni pedales<\/title>\n\n","aioseo_head_json":{"title":"Tesla lanza Cybercab en Austin sin volante ni pedales","description":"Tesla present\u00f3 esta semana en Austin el Cybercab, un veh\u00edculo de dos asientos sin volante ni pedales, mientras acelera su apuesta por robotaxis y conducci\u00f3n aut\u00f3noma.","canonical_url":"https:\/\/staytv.cr\/index.php\/2026\/09\/04\/tesla-lanza-cybercab-en-austin-sin-volante-ni-pedales\/","robots":"max-image-preview:large","keywords":"","webmasterTools":{"miscellaneous":""},"schema":{"@context":"https:\/\/schema.org","@graph":[{"@type":"BreadcrumbList","@id":"https:\/\/staytv.cr\/index.php\/2026\/09\/04\/tesla-lanza-cybercab-en-austin-sin-volante-ni-pedales\/#breadcrumblist","itemListElement":[{"@type":"ListItem","@id":"https:\/\/staytv.cr#listItem","position":1,"name":"Home","item":"https:\/\/staytv.cr","nextItem":{"@type":"ListItem","@id":"https:\/\/staytv.cr\/index.php\/category\/economics\/#listItem","name":"ECONOM\u00cdA"}},{"@type":"ListItem","@id":"https:\/\/staytv.cr\/index.php\/category\/economics\/#listItem","position":2,"name":"ECONOM\u00cdA","item":"https:\/\/staytv.cr\/index.php\/category\/economics\/","nextItem":{"@type":"ListItem","@id":"https:\/\/staytv.cr\/index.php\/2026\/09\/04\/tesla-lanza-cybercab-en-austin-sin-volante-ni-pedales\/#listItem","name":"Tesla lanza Cybercab en Austin sin volante ni pedales"},"previousItem":{"@type":"ListItem","@id":"https:\/\/staytv.cr#listItem","name":"Home"}},{"@type":"ListItem","@id":"https:\/\/staytv.cr\/index.php\/2026\/09\/04\/tesla-lanza-cybercab-en-austin-sin-volante-ni-pedales\/#listItem","position":3,"name":"Tesla lanza Cybercab en Austin sin volante ni pedales","previousItem":{"@type":"ListItem","@id":"https:\/\/staytv.cr\/index.php\/category\/economics\/#listItem","name":"ECONOM\u00cdA"}}]},{"@type":"Organization","@id":"https:\/\/staytv.cr\/#organization","name":"Stay TV","description":"Stay TV es un medio digital de noticias con base en Centroam\u00e9rica, con cobertura local e internacional desde una mirada asi\u00e1tica.","url":"https:\/\/staytv.cr\/","logo":{"@type":"ImageObject","url":"https:\/\/staytv.cr\/wp-content\/uploads\/cropped-StayTV_logo_oficial_simple.png","@id":"https:\/\/staytv.cr\/index.php\/2026\/09\/04\/tesla-lanza-cybercab-en-austin-sin-volante-ni-pedales\/#organizationLogo","width":2560,"height":769},"image":{"@id":"https:\/\/staytv.cr\/index.php\/2026\/09\/04\/tesla-lanza-cybercab-en-austin-sin-volante-ni-pedales\/#organizationLogo"},"sameAs":["https:\/\/www.instagram.com\/staytvcr\/"]},{"@type":"Person","@id":"https:\/\/staytv.cr\/index.php\/author\/ryantv\/#author","url":"https:\/\/staytv.cr\/index.php\/author\/ryantv\/","name":"Ryan","image":{"@type":"ImageObject","url":"https:\/\/secure.gravatar.com\/avatar\/f95152fd26e0540ce723631868753fd2ae822574fa609b52b1b123eea57755e2?s=96&d=mm&r=g"}},{"@type":"WebPage","@id":"https:\/\/staytv.cr\/index.php\/2026\/09\/04\/tesla-lanza-cybercab-en-austin-sin-volante-ni-pedales\/#webpage","url":"https:\/\/staytv.cr\/index.php\/2026\/09\/04\/tesla-lanza-cybercab-en-austin-sin-volante-ni-pedales\/","name":"Tesla lanza Cybercab en Austin sin volante ni pedales","description":"Tesla present\u00f3 esta semana en Austin el Cybercab, un veh\u00edculo de dos asientos sin volante ni pedales, mientras acelera su apuesta por robotaxis y conducci\u00f3n aut\u00f3noma.","inLanguage":"zh-TW","isPartOf":{"@id":"https:\/\/staytv.cr\/#website"},"breadcrumb":{"@id":"https:\/\/staytv.cr\/index.php\/2026\/09\/04\/tesla-lanza-cybercab-en-austin-sin-volante-ni-pedales\/#breadcrumblist"},"author":{"@id":"https:\/\/staytv.cr\/index.php\/author\/ryantv\/#author"},"creator":{"@id":"https:\/\/staytv.cr\/index.php\/author\/ryantv\/#author"},"image":{"@type":"ImageObject","url":"https:\/\/staytv.cr\/wp-content\/uploads\/Sin-titulo-9-238.png","@id":"https:\/\/staytv.cr\/index.php\/2026\/09\/04\/tesla-lanza-cybercab-en-austin-sin-volante-ni-pedales\/#mainImage","width":1200,"height":630},"primaryImageOfPage":{"@id":"https:\/\/staytv.cr\/index.php\/2026\/09\/04\/tesla-lanza-cybercab-en-austin-sin-volante-ni-pedales\/#mainImage"},"datePublished":"2026-09-04T16:51:18-06:00","dateModified":"2026-09-04T16:51:18-06:00"},{"@type":"WebSite","@id":"https:\/\/staytv.cr\/#website","url":"https:\/\/staytv.cr\/","name":"Staytv","description":"Medio de comunicaci\u00f3n digital de Costa Rica.","inLanguage":"zh-TW","publisher":{"@id":"https:\/\/staytv.cr\/#organization"}}]},"og:locale":"zh_TW","og:site_name":"Staytv - Medio de comunicaci\u00f3n digital de Costa Rica.","og:type":"article","og:title":"Tesla lanza Cybercab en Austin sin volante ni pedales","og:description":"Tesla present\u00f3 esta semana en Austin el Cybercab, un veh\u00edculo de dos asientos sin volante ni pedales, mientras acelera su apuesta por robotaxis y conducci\u00f3n aut\u00f3noma.","og:url":"https:\/\/staytv.cr\/index.php\/2026\/09\/04\/tesla-lanza-cybercab-en-austin-sin-volante-ni-pedales\/","og:image":"https:\/\/staytv.cr\/wp-content\/uploads\/Sin-titulo-9-238.png","og:image:secure_url":"https:\/\/staytv.cr\/wp-content\/uploads\/Sin-titulo-9-238.png","og:image:width":1200,"og:image:height":630,"article:published_time":"2026-09-04T22:51:18+00:00","article:modified_time":"2026-09-04T22:51:18+00:00","article:publisher":"https:\/\/www.facebook.com\/staytvcr","twitter:card":"summary_large_image","twitter:title":"Tesla lanza Cybercab en Austin sin volante ni pedales","twitter:description":"Tesla present\u00f3 esta semana en Austin el Cybercab, un veh\u00edculo de dos asientos sin volante ni pedales, mientras acelera su apuesta por robotaxis y conducci\u00f3n aut\u00f3noma.","twitter:image":"https:\/\/staytv.cr\/wp-content\/uploads\/Sin-titulo-9-238.png"},"aioseo_meta_data":{"post_id":"38539","title":"Tesla lanza Cybercab en Austin sin volante ni pedales","description":"Tesla present\u00f3 esta semana en Austin el Cybercab, un veh\u00edculo de dos asientos sin volante ni pedales, mientras acelera su apuesta por robotaxis y conducci\u00f3n aut\u00f3noma.","keywords":null,"keyphrases":{"focus":{"keyphrase":"","score":0,"analysis":{"keyphraseInTitle":{"score":0,"maxScore":9,"error":1}}},"additional":[]},"canonical_url":null,"og_title":null,"og_description":null,"og_object_type":"default","og_image_type":"default","og_image_custom_url":null,"og_image_custom_fields":null,"og_custom_image_width":null,"og_custom_image_height":null,"og_video":"","og_custom_url":null,"og_article_section":null,"og_article_tags":null,"twitter_use_og":true,"twitter_card":"default","twitter_image_type":"default","twitter_image_custom_url":null,"twitter_image_custom_fields":null,"twitter_title":null,"twitter_description":null,"schema_type":null,"schema_type_options":null,"pillar_content":false,"robots_default":true,"robots_noindex":false,"robots_noarchive":false,"robots_nosnippet":false,"robots_nofollow":false,"robots_noimageindex":false,"robots_noodp":false,"robots_notranslate":false,"robots_max_snippet":"-1","robots_max_videopreview":"-1","robots_max_imagepreview":"large","tabs":null,"priority":null,"frequency":"default","local_seo":null,"created":"2026-09-04 10:02:29","updated":"2026-09-04 22:51:18"},"aioseo_breadcrumb":"<div class=\"aioseo-breadcrumbs\"><span class=\"aioseo-breadcrumb\">\n\t<a href=\"https:\/\/staytv.cr\" title=\"Home\">Home<\/a>\n<\/span><span class=\"aioseo-breadcrumb-separator\">&raquo;<\/span><span class=\"aioseo-breadcrumb\">\n\t<a href=\"https:\/\/staytv.cr\/index.php\/category\/economics\/\" title=\"ECONOM\u00cdA\">ECONOM\u00cdA<\/a>\n<\/span><span class=\"aioseo-breadcrumb-separator\">&raquo;<\/span><span class=\"aioseo-breadcrumb\">\n\tTesla lanza Cybercab en Austin sin volante ni pedales\n<\/span><\/div>","aioseo_breadcrumb_json":[{"label":"Home","link":"https:\/\/staytv.cr"},{"label":"ECONOM\u00cdA","link":"https:\/\/staytv.cr\/index.php\/category\/economics\/"},{"label":"Tesla lanza Cybercab en Austin sin volante ni pedales","link":"https:\/\/staytv.cr\/index.php\/2026\/09\/04\/tesla-lanza-cybercab-en-austin-sin-volante-ni-pedales\/"}],"_links":{"self":[{"href":"https:\/\/staytv.cr\/index.php\/wp-json\/wp\/v2\/posts\/38539","targetHints":{"allow":["GET"]}}],"collection":[{"href":"https:\/\/staytv.cr\/index.php\/wp-json\/wp\/v2\/posts"}],"about":[{"href":"https:\/\/staytv.cr\/index.php\/wp-json\/wp\/v2\/types\/post"}],"author":[{"embeddable":true,"href":"https:\/\/staytv.cr\/index.php\/wp-json\/wp\/v2\/users\/11"}],"replies":[{"embeddable":true,"href":"https:\/\/staytv.cr\/index.php\/wp-json\/wp\/v2\/comments?post=38539"}],"version-history":[{"count":2,"href":"https:\/\/staytv.cr\/index.php\/wp-json\/wp\/v2\/posts\/38539\/revisions"}],"predecessor-version":[{"id":38589,"href":"https:\/\/staytv.cr\/index.php\/wp-json\/wp\/v2\/posts\/38539\/revisions\/38589"}],"wp:featuredmedia":[{"embeddable":true,"href":"https:\/\/staytv.cr\/index.php\/wp-json\/wp\/v2\/media\/38588"}],"wp:attachment":[{"href":"https:\/\/staytv.cr\/index.php\/wp-json\/wp\/v2\/media?parent=38539"}],"wp:term":[{"taxonomy":"category","embeddable":true,"href":"https:\/\/staytv.cr\/index.php\/wp-json\/wp\/v2\/categories?post=38539"},{"taxonomy":"post_tag","embeddable":true,"href":"https:\/\/staytv.cr\/index.php\/wp-json\/wp\/v2\/tags?post=38539"}],"curies":[{"name":"wp","href":"https:\/\/api.w.org\/{rel}","templated":true}]}}