{"id":38579,"date":"2026-09-04T13:47:13","date_gmt":"2026-09-04T19:47:13","guid":{"rendered":"https:\/\/staytv.cr\/?p=38579"},"modified":"2026-09-04T13:47:13","modified_gmt":"2026-09-04T19:47:13","slug":"cuanto-costara-hacer-las-compras-conozca-la-lista-oficial-de-precios-sugeridos-para-las-ferias-de-agricultores","status":"publish","type":"post","link":"https:\/\/staytv.cr\/index.php\/2026\/09\/04\/cuanto-costara-hacer-las-compras-conozca-la-lista-oficial-de-precios-sugeridos-para-las-ferias-de-agricultores\/","title":{"rendered":"\u00bfCu\u00e1nto costar\u00e1 hacer las compras? Conozca la lista oficial de precios sugeridos para las ferias de agricultores"},"content":{"rendered":"<p><span data-path-to-node=\"10,4,1,0\">Precios sugeridos en las Ferias del Agricultor para este fin de semana en Costa Rica, con alzas destacadas en chile dulce y papa.<\/span><!--more--><img decoding=\"async\" data-src=\"https:\/\/arc-anglerfish-arc2-prod-gruponacion.s3.amazonaws.com\/public\/ZOBYG6E7GVHJFCQGMATXOXLY6A.JPG\" alt=\"Top 7 de ferias del agricultor | La Naci\u00f3n\" src=\"data:image\/svg+xml;base64,PHN2ZyB3aWR0aD0iMSIgaGVpZ2h0PSIxIiB4bWxucz0iaHR0cDovL3d3dy53My5vcmcvMjAwMC9zdmciPjwvc3ZnPg==\" class=\"lazyload\" \/><\/p>\n<h1>Precios en las Ferias del Agricultor: CNP revela bolet\u00edn con alzas en chile dulce, manga y papa para este fin de semana<\/h1>\n<p>El abastecimiento y el costo de los productos agr\u00edcolas vuelven a estar en el centro de la atenci\u00f3n ciudadana con la publicaci\u00f3n del m\u00e1s reciente informe del Consejo Nacional de Producci\u00f3n (CNP). A trav\u00e9s del Servicio de Informaci\u00f3n de Mercados (SIM), la instituci\u00f3n dio a conocer el bolet\u00edn oficial de <strong>precios<\/strong> sugeridos para las Ferias del Agricultor que se desarrollan en todo el territorio nacional durante este fin de semana del 4 al 6 de setiembre de 2026. Este reporte peri\u00f3dico se consolida como una herramienta t\u00e9cnica indispensable para garantizar la transparencia comercial, proteger la econom\u00eda de los hogares costarricenses y ofrecer un par\u00e1metro de referencia claro tanto para los productores como para los consumidores que acuden a los mercados cantonales.<\/p>\n<p>El an\u00e1lisis detallado de las variaciones semanales muestra un comportamiento mixto en el costo de las frutas, verduras y hortalizas que componen la dieta b\u00e1sica de las familias del pa\u00eds. Mientras una parte importante de la oferta nacional mantiene estabilidad en sus tarifas, ciertos productos clave han registrado incrementos notables debido a factores estacionales, din\u00e1micas de cosecha y condiciones clim\u00e1ticas recientes que inciden directamente en los rendimientos agr\u00edcolas de las diferentes regiones productoras de Costa Rica.<\/p>\n<h2>Principales alzas: Chile dulce, manga y papa lideran los incrementos<\/h2>\n<p>De acuerdo con el bolet\u00edn oficial del CNP, el producto que experiment\u00f3 el mayor repunte porcentual durante esta semana es el chile dulce de primera, el cual registr\u00f3 un incremento del 33,33%, pasando de un precio sugerido de 195 colones a 260 colones por unidad, lo que representa un ajuste absoluto de 65 colones. Asimismo, la manga grande mostr\u00f3 un comportamiento al alza significativo con un incremento del 23,15%, elevando su costo por kilogramo de 1.015 a 1.250 colones.<\/p>\n<p>El sector de tub\u00e9rculos y hortalizas tambi\u00e9n reflej\u00f3 presi\u00f3n en sus cotizaciones. La papa blanca experiment\u00f3 un aumento del 19,30%, comercializ\u00e1ndose a 680 colones el kilogramo en comparaci\u00f3n con los 570 colones de la semana anterior. En la misma l\u00ednea, la papa amarilla subi\u00f3 un 15,79% para ubicarse en 660 colones por kilogramo. La coliflor report\u00f3 un incremento del 17,78% (alcanzando los 1.590 colones por unidad), mientras que la zanahoria y el pl\u00e1tano registraron aumentos del 12,28% y 12,19%, respectivamente. Estos ajustes evidencian c\u00f3mo las fluctuaciones en la cadena de suministro impactan directamente el costo de los ingredientes esenciales para la preparaci\u00f3n de alimentos en los hogares.<\/p>\n<h2>Productos con bajas y estabilidad en el mercado ferial<\/h2>\n<p>A pesar de las presiones inflacionarias puntuales en ciertos rubros, el informe del Servicio de Informaci\u00f3n de Mercados tambi\u00e9n destaca una tendencia favorable hacia la baja en varios productos de alta demanda. El mel\u00f3n Cantaloupe lider\u00f3 las reducciones con una disminuci\u00f3n del 5,88%, bajando de 850 a 800 colones por kilogramo. Por su parte, la papaya registr\u00f3 una baja del 3,47% (situ\u00e1ndose en 695 colones por kilo), mientras que tanto la cebolla seca como la cebolla trenza experimentaron una disminuci\u00f3n del 2,75%, cotiz\u00e1ndose a 885 colones el kilogramo.<\/p>\n<p>Adicionalmente, un vasto grupo de alimentos mantuvo sus <strong>precios<\/strong> completamente estables respecto al periodo anterior, brindando un respiro importante a los bolsillos de los compradores. Entre los productos que no sufrieron variaciones destacan el aguacate Hass nacional (2.410 colones por kilo), el aguacate criollo (500 colones por unidad), la fresa (2.765 colones por kilo), el tiquisque (2.900 colones por kilo), los huevos (1.350 colones por kilogramo) y la yuca corriente (450 colones por kilo). Esta estabilidad en alimentos de consumo masivo demuestra la resiliencia de los mercados del agricultor como canales directos de comercializaci\u00f3n sin intermediarios abusivos.<\/p>\n<h2>El valor estrat\u00e9gico de las Ferias del Agricultor para la econom\u00eda nacional<\/h2>\n<p>El esfuerzo institucional del Consejo Nacional de Producci\u00f3n al recopilar y publicar semanalmente estos boletines de <strong>precios<\/strong> subraya el compromiso del Estado con la transparencia informativa y el fortalecimiento de la econom\u00eda social solidaria. Las Ferias del Agricultor contin\u00faan siendo el motor principal para el desarrollo rural y el sustento de miles de peque\u00f1os y medianos productores agr\u00edcolas que encuentran en estos espacios un mercado justo para colocar sus cosechas.<\/p>\n<p>Para los consumidores, contar con referencias oficiales de <strong>precios<\/strong> permite planificar de mejor manera el presupuesto familiar y vitrinear de forma informada en las diferentes ferias cantonales del pa\u00eds. Las autoridades recuerdan a la ciudadan\u00eda la importancia de apoyar el consumo local y aprovechar estos mercados que conectan de manera directa el campo con la mesa de los costarricenses, promoviendo la seguridad alimentaria y el desarrollo sostenible de las comunidades rurales.<\/p>\n<p>Con informaci\u00f3n para STAY TV: <a href=\"https:\/\/www.staytv.com\">STAY TV<\/a><\/p>\n<div class=\"container\">\n<div id=\"model-response-message-contentr_8fe40c62708a0257\" class=\"markdown markdown-main-panel md-content enable-luminous-fast-follows enable-updated-hr-color stronger\" dir=\"ltr\" aria-busy=\"false\" aria-live=\"polite\">\n<p data-path-to-node=\"14\"><b data-path-to-node=\"14\" data-index-in-node=\"0\">Fuente Consultada:<\/b> Consejo Nacional de Producci\u00f3n (CNP) &#8211; Servicio de Informaci\u00f3n de Mercados (SIM), Bolet\u00edn de Precios Sugeridos para las Ferias del Agricultor N\u00b036 (del 04 al 06 de setiembre de 2026).<\/p>\n<\/div>\n<\/div>\n","protected":false},"excerpt":{"rendered":"<p>Precios sugeridos en las Ferias del Agricultor para est [&hellip;]<\/p>\n","protected":false},"author":10,"featured_media":38580,"comment_status":"open","ping_status":"open","sticky":false,"template":"","format":"standard","meta":{"_monsterinsights_skip_tracking":false,"_monsterinsights_sitenote_active":false,"_monsterinsights_sitenote_note":"","_monsterinsights_sitenote_category":0,"episode_type":"","audio_file":"","podmotor_file_id":"","podmotor_episode_id":"","cover_image":"","cover_image_id":"","duration":"","filesize":"","filesize_raw":"","date_recorded":"","explicit":"","block":"","itunes_episode_number":"","itunes_title":"","itunes_season_number":"","itunes_episode_type":"","footnotes":""},"categories":[54],"tags":[4069,9133,233,374,9130,9131,9132,1216],"class_list":["post-38579","post","type-post","status-publish","format-standard","has-post-thumbnail","category-economics","tag-costarica","tag-chile-dulce","tag-cnp","tag-economia","tag-ferias-del-agricultor","tag-hortalizas","tag-papa","tag-precios"],"aioseo_notices":[],"aioseo_head":"\n\t\t<!-- All in One SEO Pro 4.8.3.2 - aioseo.com -->\n\t<meta name=\"description\" content=\"Precios sugeridos en las Ferias del Agricultor para este fin de semana en Costa Rica, con alzas destacadas en chile dulce y papa.\" \/>\n\t<meta name=\"robots\" content=\"max-image-preview:large\" \/>\n\t<meta name=\"author\" content=\"Diego Molina\"\/>\n\t<link rel=\"canonical\" href=\"https:\/\/staytv.cr\/index.php\/2026\/09\/04\/cuanto-costara-hacer-las-compras-conozca-la-lista-oficial-de-precios-sugeridos-para-las-ferias-de-agricultores\/\" \/>\n\t<meta name=\"generator\" content=\"All in One SEO Pro (AIOSEO) 4.8.3.2\" \/>\n\t\t<meta property=\"og:locale\" content=\"zh_TW\" \/>\n\t\t<meta property=\"og:site_name\" content=\"Staytv - Medio de comunicaci\u00f3n digital de Costa Rica.\" \/>\n\t\t<meta property=\"og:type\" content=\"article\" \/>\n\t\t<meta property=\"og:title\" content=\"Precios en Ferias del Agricultor: Alza en chile dulce y papa\" \/>\n\t\t<meta property=\"og:description\" content=\"Precios sugeridos en las Ferias del Agricultor para este fin de semana en Costa Rica, con alzas destacadas en chile dulce y papa.\" \/>\n\t\t<meta property=\"og:url\" content=\"https:\/\/staytv.cr\/index.php\/2026\/09\/04\/cuanto-costara-hacer-las-compras-conozca-la-lista-oficial-de-precios-sugeridos-para-las-ferias-de-agricultores\/\" \/>\n\t\t<meta property=\"og:image\" content=\"https:\/\/staytv.cr\/wp-content\/uploads\/Sin-titulo-6-314.png\" \/>\n\t\t<meta property=\"og:image:secure_url\" content=\"https:\/\/staytv.cr\/wp-content\/uploads\/Sin-titulo-6-314.png\" \/>\n\t\t<meta property=\"og:image:width\" content=\"1200\" \/>\n\t\t<meta property=\"og:image:height\" content=\"630\" \/>\n\t\t<meta property=\"article:published_time\" content=\"2026-09-04T19:47:13+00:00\" \/>\n\t\t<meta property=\"article:modified_time\" content=\"2026-09-04T19:47:13+00:00\" \/>\n\t\t<meta property=\"article:publisher\" content=\"https:\/\/www.facebook.com\/staytvcr\" \/>\n\t\t<meta name=\"twitter:card\" content=\"summary_large_image\" \/>\n\t\t<meta name=\"twitter:title\" content=\"Precios en Ferias del Agricultor: Alza en chile dulce y papa\" \/>\n\t\t<meta name=\"twitter:description\" content=\"Precios sugeridos en las Ferias del Agricultor para este fin de semana en Costa Rica, con alzas destacadas en chile dulce y papa.\" \/>\n\t\t<meta name=\"twitter:image\" content=\"https:\/\/staytv.cr\/wp-content\/uploads\/Sin-titulo-6-314.png\" \/>\n\t\t<script type=\"application\/ld+json\" class=\"aioseo-schema\">\n\t\t\t{\"@context\":\"https:\\\/\\\/schema.org\",\"@graph\":[{\"@type\":\"BreadcrumbList\",\"@id\":\"https:\\\/\\\/staytv.cr\\\/index.php\\\/2026\\\/09\\\/04\\\/cuanto-costara-hacer-las-compras-conozca-la-lista-oficial-de-precios-sugeridos-para-las-ferias-de-agricultores\\\/#breadcrumblist\",\"itemListElement\":[{\"@type\":\"ListItem\",\"@id\":\"https:\\\/\\\/staytv.cr#listItem\",\"position\":1,\"name\":\"Home\",\"item\":\"https:\\\/\\\/staytv.cr\",\"nextItem\":{\"@type\":\"ListItem\",\"@id\":\"https:\\\/\\\/staytv.cr\\\/index.php\\\/category\\\/economics\\\/#listItem\",\"name\":\"ECONOM\\u00cdA\"}},{\"@type\":\"ListItem\",\"@id\":\"https:\\\/\\\/staytv.cr\\\/index.php\\\/category\\\/economics\\\/#listItem\",\"position\":2,\"name\":\"ECONOM\\u00cdA\",\"item\":\"https:\\\/\\\/staytv.cr\\\/index.php\\\/category\\\/economics\\\/\",\"nextItem\":{\"@type\":\"ListItem\",\"@id\":\"https:\\\/\\\/staytv.cr\\\/index.php\\\/2026\\\/09\\\/04\\\/cuanto-costara-hacer-las-compras-conozca-la-lista-oficial-de-precios-sugeridos-para-las-ferias-de-agricultores\\\/#listItem\",\"name\":\"\\u00bfCu\\u00e1nto costar\\u00e1 hacer las compras? Conozca la lista oficial de precios sugeridos para las ferias de agricultores\"},\"previousItem\":{\"@type\":\"ListItem\",\"@id\":\"https:\\\/\\\/staytv.cr#listItem\",\"name\":\"Home\"}},{\"@type\":\"ListItem\",\"@id\":\"https:\\\/\\\/staytv.cr\\\/index.php\\\/2026\\\/09\\\/04\\\/cuanto-costara-hacer-las-compras-conozca-la-lista-oficial-de-precios-sugeridos-para-las-ferias-de-agricultores\\\/#listItem\",\"position\":3,\"name\":\"\\u00bfCu\\u00e1nto costar\\u00e1 hacer las compras? Conozca la lista oficial de precios sugeridos para las ferias de agricultores\",\"previousItem\":{\"@type\":\"ListItem\",\"@id\":\"https:\\\/\\\/staytv.cr\\\/index.php\\\/category\\\/economics\\\/#listItem\",\"name\":\"ECONOM\\u00cdA\"}}]},{\"@type\":\"Organization\",\"@id\":\"https:\\\/\\\/staytv.cr\\\/#organization\",\"name\":\"Stay TV\",\"description\":\"Stay TV es un medio digital de noticias con base en Centroam\\u00e9rica, con cobertura local e internacional desde una mirada asi\\u00e1tica.\",\"url\":\"https:\\\/\\\/staytv.cr\\\/\",\"logo\":{\"@type\":\"ImageObject\",\"url\":\"https:\\\/\\\/staytv.cr\\\/wp-content\\\/uploads\\\/cropped-StayTV_logo_oficial_simple.png\",\"@id\":\"https:\\\/\\\/staytv.cr\\\/index.php\\\/2026\\\/09\\\/04\\\/cuanto-costara-hacer-las-compras-conozca-la-lista-oficial-de-precios-sugeridos-para-las-ferias-de-agricultores\\\/#organizationLogo\",\"width\":2560,\"height\":769},\"image\":{\"@id\":\"https:\\\/\\\/staytv.cr\\\/index.php\\\/2026\\\/09\\\/04\\\/cuanto-costara-hacer-las-compras-conozca-la-lista-oficial-de-precios-sugeridos-para-las-ferias-de-agricultores\\\/#organizationLogo\"},\"sameAs\":[\"https:\\\/\\\/www.instagram.com\\\/staytvcr\\\/\"]},{\"@type\":\"Person\",\"@id\":\"https:\\\/\\\/staytv.cr\\\/index.php\\\/author\\\/diegostaytv\\\/#author\",\"url\":\"https:\\\/\\\/staytv.cr\\\/index.php\\\/author\\\/diegostaytv\\\/\",\"name\":\"Diego Molina\",\"image\":{\"@type\":\"ImageObject\",\"url\":\"https:\\\/\\\/secure.gravatar.com\\\/avatar\\\/7d23cb63381aa64750c7e76727c208369ebd6f2565e9dc4c62e323b1ea59af41?s=96&d=mm&r=g\"}},{\"@type\":\"WebPage\",\"@id\":\"https:\\\/\\\/staytv.cr\\\/index.php\\\/2026\\\/09\\\/04\\\/cuanto-costara-hacer-las-compras-conozca-la-lista-oficial-de-precios-sugeridos-para-las-ferias-de-agricultores\\\/#webpage\",\"url\":\"https:\\\/\\\/staytv.cr\\\/index.php\\\/2026\\\/09\\\/04\\\/cuanto-costara-hacer-las-compras-conozca-la-lista-oficial-de-precios-sugeridos-para-las-ferias-de-agricultores\\\/\",\"name\":\"Precios en Ferias del Agricultor: Alza en chile dulce y papa\",\"description\":\"Precios sugeridos en las Ferias del Agricultor para este fin de semana en Costa Rica, con alzas destacadas en chile dulce y papa.\",\"inLanguage\":\"zh-TW\",\"isPartOf\":{\"@id\":\"https:\\\/\\\/staytv.cr\\\/#website\"},\"breadcrumb\":{\"@id\":\"https:\\\/\\\/staytv.cr\\\/index.php\\\/2026\\\/09\\\/04\\\/cuanto-costara-hacer-las-compras-conozca-la-lista-oficial-de-precios-sugeridos-para-las-ferias-de-agricultores\\\/#breadcrumblist\"},\"author\":{\"@id\":\"https:\\\/\\\/staytv.cr\\\/index.php\\\/author\\\/diegostaytv\\\/#author\"},\"creator\":{\"@id\":\"https:\\\/\\\/staytv.cr\\\/index.php\\\/author\\\/diegostaytv\\\/#author\"},\"image\":{\"@type\":\"ImageObject\",\"url\":\"https:\\\/\\\/staytv.cr\\\/wp-content\\\/uploads\\\/Sin-titulo-6-314.png\",\"@id\":\"https:\\\/\\\/staytv.cr\\\/index.php\\\/2026\\\/09\\\/04\\\/cuanto-costara-hacer-las-compras-conozca-la-lista-oficial-de-precios-sugeridos-para-las-ferias-de-agricultores\\\/#mainImage\",\"width\":1200,\"height\":630,\"caption\":\"\\u00bfCu\\u00e1nto costar\\u00e1 hacer las compras? Conozca la lista oficial de precios sugeridos para las ferias de agricultores\"},\"primaryImageOfPage\":{\"@id\":\"https:\\\/\\\/staytv.cr\\\/index.php\\\/2026\\\/09\\\/04\\\/cuanto-costara-hacer-las-compras-conozca-la-lista-oficial-de-precios-sugeridos-para-las-ferias-de-agricultores\\\/#mainImage\"},\"datePublished\":\"2026-09-04T13:47:13-06:00\",\"dateModified\":\"2026-09-04T13:47:13-06:00\"},{\"@type\":\"WebSite\",\"@id\":\"https:\\\/\\\/staytv.cr\\\/#website\",\"url\":\"https:\\\/\\\/staytv.cr\\\/\",\"name\":\"Staytv\",\"description\":\"Medio de comunicaci\\u00f3n digital de Costa Rica.\",\"inLanguage\":\"zh-TW\",\"publisher\":{\"@id\":\"https:\\\/\\\/staytv.cr\\\/#organization\"}}]}\n\t\t<\/script>\n\t\t<!-- All in One SEO Pro -->\r\n\t\t<title>Precios en Ferias del Agricultor: Alza en chile dulce y papa<\/title>\n\n","aioseo_head_json":{"title":"Precios en Ferias del Agricultor: Alza en chile dulce y papa","description":"Precios sugeridos en las Ferias del Agricultor para este fin de semana en Costa Rica, con alzas destacadas en chile dulce y papa.","canonical_url":"https:\/\/staytv.cr\/index.php\/2026\/09\/04\/cuanto-costara-hacer-las-compras-conozca-la-lista-oficial-de-precios-sugeridos-para-las-ferias-de-agricultores\/","robots":"max-image-preview:large","keywords":"","webmasterTools":{"miscellaneous":""},"schema":{"@context":"https:\/\/schema.org","@graph":[{"@type":"BreadcrumbList","@id":"https:\/\/staytv.cr\/index.php\/2026\/09\/04\/cuanto-costara-hacer-las-compras-conozca-la-lista-oficial-de-precios-sugeridos-para-las-ferias-de-agricultores\/#breadcrumblist","itemListElement":[{"@type":"ListItem","@id":"https:\/\/staytv.cr#listItem","position":1,"name":"Home","item":"https:\/\/staytv.cr","nextItem":{"@type":"ListItem","@id":"https:\/\/staytv.cr\/index.php\/category\/economics\/#listItem","name":"ECONOM\u00cdA"}},{"@type":"ListItem","@id":"https:\/\/staytv.cr\/index.php\/category\/economics\/#listItem","position":2,"name":"ECONOM\u00cdA","item":"https:\/\/staytv.cr\/index.php\/category\/economics\/","nextItem":{"@type":"ListItem","@id":"https:\/\/staytv.cr\/index.php\/2026\/09\/04\/cuanto-costara-hacer-las-compras-conozca-la-lista-oficial-de-precios-sugeridos-para-las-ferias-de-agricultores\/#listItem","name":"\u00bfCu\u00e1nto costar\u00e1 hacer las compras? Conozca la lista oficial de precios sugeridos para las ferias de agricultores"},"previousItem":{"@type":"ListItem","@id":"https:\/\/staytv.cr#listItem","name":"Home"}},{"@type":"ListItem","@id":"https:\/\/staytv.cr\/index.php\/2026\/09\/04\/cuanto-costara-hacer-las-compras-conozca-la-lista-oficial-de-precios-sugeridos-para-las-ferias-de-agricultores\/#listItem","position":3,"name":"\u00bfCu\u00e1nto costar\u00e1 hacer las compras? Conozca la lista oficial de precios sugeridos para las ferias de agricultores","previousItem":{"@type":"ListItem","@id":"https:\/\/staytv.cr\/index.php\/category\/economics\/#listItem","name":"ECONOM\u00cdA"}}]},{"@type":"Organization","@id":"https:\/\/staytv.cr\/#organization","name":"Stay TV","description":"Stay TV es un medio digital de noticias con base en Centroam\u00e9rica, con cobertura local e internacional desde una mirada asi\u00e1tica.","url":"https:\/\/staytv.cr\/","logo":{"@type":"ImageObject","url":"https:\/\/staytv.cr\/wp-content\/uploads\/cropped-StayTV_logo_oficial_simple.png","@id":"https:\/\/staytv.cr\/index.php\/2026\/09\/04\/cuanto-costara-hacer-las-compras-conozca-la-lista-oficial-de-precios-sugeridos-para-las-ferias-de-agricultores\/#organizationLogo","width":2560,"height":769},"image":{"@id":"https:\/\/staytv.cr\/index.php\/2026\/09\/04\/cuanto-costara-hacer-las-compras-conozca-la-lista-oficial-de-precios-sugeridos-para-las-ferias-de-agricultores\/#organizationLogo"},"sameAs":["https:\/\/www.instagram.com\/staytvcr\/"]},{"@type":"Person","@id":"https:\/\/staytv.cr\/index.php\/author\/diegostaytv\/#author","url":"https:\/\/staytv.cr\/index.php\/author\/diegostaytv\/","name":"Diego Molina","image":{"@type":"ImageObject","url":"https:\/\/secure.gravatar.com\/avatar\/7d23cb63381aa64750c7e76727c208369ebd6f2565e9dc4c62e323b1ea59af41?s=96&d=mm&r=g"}},{"@type":"WebPage","@id":"https:\/\/staytv.cr\/index.php\/2026\/09\/04\/cuanto-costara-hacer-las-compras-conozca-la-lista-oficial-de-precios-sugeridos-para-las-ferias-de-agricultores\/#webpage","url":"https:\/\/staytv.cr\/index.php\/2026\/09\/04\/cuanto-costara-hacer-las-compras-conozca-la-lista-oficial-de-precios-sugeridos-para-las-ferias-de-agricultores\/","name":"Precios en Ferias del Agricultor: Alza en chile dulce y papa","description":"Precios sugeridos en las Ferias del Agricultor para este fin de semana en Costa Rica, con alzas destacadas en chile dulce y papa.","inLanguage":"zh-TW","isPartOf":{"@id":"https:\/\/staytv.cr\/#website"},"breadcrumb":{"@id":"https:\/\/staytv.cr\/index.php\/2026\/09\/04\/cuanto-costara-hacer-las-compras-conozca-la-lista-oficial-de-precios-sugeridos-para-las-ferias-de-agricultores\/#breadcrumblist"},"author":{"@id":"https:\/\/staytv.cr\/index.php\/author\/diegostaytv\/#author"},"creator":{"@id":"https:\/\/staytv.cr\/index.php\/author\/diegostaytv\/#author"},"image":{"@type":"ImageObject","url":"https:\/\/staytv.cr\/wp-content\/uploads\/Sin-titulo-6-314.png","@id":"https:\/\/staytv.cr\/index.php\/2026\/09\/04\/cuanto-costara-hacer-las-compras-conozca-la-lista-oficial-de-precios-sugeridos-para-las-ferias-de-agricultores\/#mainImage","width":1200,"height":630,"caption":"\u00bfCu\u00e1nto costar\u00e1 hacer las compras? Conozca la lista oficial de precios sugeridos para las ferias de agricultores"},"primaryImageOfPage":{"@id":"https:\/\/staytv.cr\/index.php\/2026\/09\/04\/cuanto-costara-hacer-las-compras-conozca-la-lista-oficial-de-precios-sugeridos-para-las-ferias-de-agricultores\/#mainImage"},"datePublished":"2026-09-04T13:47:13-06:00","dateModified":"2026-09-04T13:47:13-06:00"},{"@type":"WebSite","@id":"https:\/\/staytv.cr\/#website","url":"https:\/\/staytv.cr\/","name":"Staytv","description":"Medio de comunicaci\u00f3n digital de Costa Rica.","inLanguage":"zh-TW","publisher":{"@id":"https:\/\/staytv.cr\/#organization"}}]},"og:locale":"zh_TW","og:site_name":"Staytv - Medio de comunicaci\u00f3n digital de Costa Rica.","og:type":"article","og:title":"Precios en Ferias del Agricultor: Alza en chile dulce y papa","og:description":"Precios sugeridos en las Ferias del Agricultor para este fin de semana en Costa Rica, con alzas destacadas en chile dulce y papa.","og:url":"https:\/\/staytv.cr\/index.php\/2026\/09\/04\/cuanto-costara-hacer-las-compras-conozca-la-lista-oficial-de-precios-sugeridos-para-las-ferias-de-agricultores\/","og:image":"https:\/\/staytv.cr\/wp-content\/uploads\/Sin-titulo-6-314.png","og:image:secure_url":"https:\/\/staytv.cr\/wp-content\/uploads\/Sin-titulo-6-314.png","og:image:width":1200,"og:image:height":630,"article:published_time":"2026-09-04T19:47:13+00:00","article:modified_time":"2026-09-04T19:47:13+00:00","article:publisher":"https:\/\/www.facebook.com\/staytvcr","twitter:card":"summary_large_image","twitter:title":"Precios en Ferias del Agricultor: Alza en chile dulce y papa","twitter:description":"Precios sugeridos en las Ferias del Agricultor para este fin de semana en Costa Rica, con alzas destacadas en chile dulce y papa.","twitter:image":"https:\/\/staytv.cr\/wp-content\/uploads\/Sin-titulo-6-314.png"},"aioseo_meta_data":{"post_id":"38579","title":"Precios en Ferias del Agricultor: Alza en chile dulce y papa","description":"Precios sugeridos en las Ferias del Agricultor para este fin de semana en Costa Rica, con alzas destacadas en chile dulce y papa.","keywords":null,"keyphrases":{"focus":{"keyphrase":"Precios","score":76,"analysis":{"keyphraseInTitle":{"score":9,"maxScore":9,"error":0},"keyphraseInDescription":{"score":9,"maxScore":9,"error":0},"keyphraseLength":{"score":9,"maxScore":9,"error":0,"length":1},"keyphraseInURL":{"score":1,"maxScore":5,"error":1},"keyphraseInIntroduction":{"score":9,"maxScore":9,"error":0},"keyphraseInSubHeadings":{"score":3,"maxScore":9,"error":1},"keyphraseInImageAlt":{"score":3,"maxScore":9,"error":1},"keywordDensity":{"type":"best","score":9,"maxScore":9,"error":0}}},"additional":[]},"canonical_url":null,"og_title":null,"og_description":null,"og_object_type":"default","og_image_type":"default","og_image_custom_url":null,"og_image_custom_fields":null,"og_custom_image_width":null,"og_custom_image_height":null,"og_video":"","og_custom_url":null,"og_article_section":null,"og_article_tags":null,"twitter_use_og":true,"twitter_card":"default","twitter_image_type":"default","twitter_image_custom_url":null,"twitter_image_custom_fields":null,"twitter_title":null,"twitter_description":null,"schema_type":null,"schema_type_options":null,"pillar_content":false,"robots_default":true,"robots_noindex":false,"robots_noarchive":false,"robots_nosnippet":false,"robots_nofollow":false,"robots_noimageindex":false,"robots_noodp":false,"robots_notranslate":false,"robots_max_snippet":"-1","robots_max_videopreview":"-1","robots_max_imagepreview":"none","tabs":null,"priority":null,"frequency":"default","local_seo":null,"created":"2026-09-04 19:47:14","updated":"2026-09-04 19:47:14"},"aioseo_breadcrumb":"<div class=\"aioseo-breadcrumbs\"><span class=\"aioseo-breadcrumb\">\n\t<a href=\"https:\/\/staytv.cr\" title=\"Home\">Home<\/a>\n<\/span><span class=\"aioseo-breadcrumb-separator\">&raquo;<\/span><span class=\"aioseo-breadcrumb\">\n\t<a href=\"https:\/\/staytv.cr\/index.php\/category\/economics\/\" title=\"ECONOM\u00cdA\">ECONOM\u00cdA<\/a>\n<\/span><span class=\"aioseo-breadcrumb-separator\">&raquo;<\/span><span class=\"aioseo-breadcrumb\">\n\t\u00bfCu\u00e1nto costar\u00e1 hacer las compras? Conozca la lista oficial de precios sugeridos para las ferias de agricultores\n<\/span><\/div>","aioseo_breadcrumb_json":[{"label":"Home","link":"https:\/\/staytv.cr"},{"label":"ECONOM\u00cdA","link":"https:\/\/staytv.cr\/index.php\/category\/economics\/"},{"label":"\u00bfCu\u00e1nto costar\u00e1 hacer las compras? Conozca la lista oficial de precios sugeridos para las ferias de agricultores","link":"https:\/\/staytv.cr\/index.php\/2026\/09\/04\/cuanto-costara-hacer-las-compras-conozca-la-lista-oficial-de-precios-sugeridos-para-las-ferias-de-agricultores\/"}],"_links":{"self":[{"href":"https:\/\/staytv.cr\/index.php\/wp-json\/wp\/v2\/posts\/38579","targetHints":{"allow":["GET"]}}],"collection":[{"href":"https:\/\/staytv.cr\/index.php\/wp-json\/wp\/v2\/posts"}],"about":[{"href":"https:\/\/staytv.cr\/index.php\/wp-json\/wp\/v2\/types\/post"}],"author":[{"embeddable":true,"href":"https:\/\/staytv.cr\/index.php\/wp-json\/wp\/v2\/users\/10"}],"replies":[{"embeddable":true,"href":"https:\/\/staytv.cr\/index.php\/wp-json\/wp\/v2\/comments?post=38579"}],"version-history":[{"count":1,"href":"https:\/\/staytv.cr\/index.php\/wp-json\/wp\/v2\/posts\/38579\/revisions"}],"predecessor-version":[{"id":38581,"href":"https:\/\/staytv.cr\/index.php\/wp-json\/wp\/v2\/posts\/38579\/revisions\/38581"}],"wp:featuredmedia":[{"embeddable":true,"href":"https:\/\/staytv.cr\/index.php\/wp-json\/wp\/v2\/media\/38580"}],"wp:attachment":[{"href":"https:\/\/staytv.cr\/index.php\/wp-json\/wp\/v2\/media?parent=38579"}],"wp:term":[{"taxonomy":"category","embeddable":true,"href":"https:\/\/staytv.cr\/index.php\/wp-json\/wp\/v2\/categories?post=38579"},{"taxonomy":"post_tag","embeddable":true,"href":"https:\/\/staytv.cr\/index.php\/wp-json\/wp\/v2\/tags?post=38579"}],"curies":[{"name":"wp","href":"https:\/\/api.w.org\/{rel}","templated":true}]}}