{"id":6554,"date":"2025-03-25T09:31:38","date_gmt":"2025-03-25T15:31:38","guid":{"rendered":"https:\/\/staytv.net\/?p=6554"},"modified":"2025-08-03T00:54:26","modified_gmt":"2025-08-03T06:54:26","slug":"oij-allana-propiedad-en-alajuela-por-red-de-robo-de-vehiculos-en-zona-norte","status":"publish","type":"post","link":"https:\/\/staytv.cr\/index.php\/2025\/03\/25\/oij-allana-propiedad-en-alajuela-por-red-de-robo-de-vehiculos-en-zona-norte\/","title":{"rendered":"OIJ allana propiedad en Alajuela por red de robo de veh\u00edculos en Zona Norte"},"content":{"rendered":"<p><em>Alajuela, 25 de marzo de 2025\u00a0<\/em><\/p>\n<p>Agentes del Organismo de Investigaci\u00f3n Judicial (OIJ) de San Carlos ejecutaron este martes un allanamiento en el distrito El Cacao de Alajuela, como parte de una investigaci\u00f3n por el robo de cuatro veh\u00edculos en la Zona Norte entre agosto y septiembre de 2024.<\/p>\n<h3><strong>Detalles del caso<\/strong><\/h3>\n<ul>\n<li><strong>Veh\u00edculos robados<\/strong>:<br \/>\n\u2713 1 en La Fortuna<br \/>\n\u2713 3 en Ciudad Quesada<\/li>\n<li><strong>Modus operandi<\/strong>:<br \/>\n\u2713 Robo nocturno por m\u00e9todo de \u00abdescuido\u00bb<br \/>\n\u2713 Vigilancia previa a los objetivos<br \/>\n\u2713 Desmantelamiento para venta de repuestos<\/li>\n<li><strong>Perfil de los automotores<\/strong>:<br \/>\n\u2713 Modelos antiguos (no alta gama)<br \/>\n\u2713 Presuntamente destinados a comercio informal de piezas<\/li>\n<\/ul>\n<h3><strong>Operativo actual<\/strong><\/h3>\n<ul>\n<li><strong>Detenido<\/strong>: Presunto l\u00edder de la organizaci\u00f3n<\/li>\n<li><strong>Evidencia recolectada<\/strong>:<br \/>\n\u2713 Herramientas para desarme de veh\u00edculos<br \/>\n\u2713 Documentaci\u00f3n sospechosa<br \/>\n\u2713 Piezas automotrices en revisi\u00f3n<\/li>\n<\/ul>\n<p><strong>Declaraci\u00f3n del OIJ<\/strong>:<br \/>\n\u00abEste sujeto habr\u00eda coordinado la vigilancia previa y posterior desguace de los automotores. Las piezas se comercializaban en talleres informales y redes sociales\u00bb, confirm\u00f3 el fiscal a cargo.<\/p>\n<h3><strong>Contexto investigativo<\/strong><\/h3>\n<ul>\n<li><strong>Tiempo de investigaci\u00f3n<\/strong>: 7 meses<\/li>\n<li><strong>Pr\u00f3ximos pasos<\/strong>:<br \/>\n\u2713 An\u00e1lisis de registros financieros<br \/>\n\u2713 Rastreo de transacciones en marketplaces<br \/>\n\u2713 Identificaci\u00f3n de c\u00f3mplices<\/li>\n<\/ul>\n<p><strong>Recomendaci\u00f3n a ciudadanos<\/strong>:<\/p>\n<ul>\n<li>No comprar repuestos sin factura<\/li>\n<li>Reportar ventas sospechosas al 800-8000-645 (OIJ)\n<p><div id='gallery-1' class='gallery galleryid-6554 gallery-columns-3 gallery-size-thumbnail'><figure class='gallery-item'>\n\t\t\t<div class='gallery-icon portrait'>\n\t\t\t\t<a href='https:\/\/staytv.cr\/index.php\/2025\/03\/25\/oij-allana-propiedad-en-alajuela-por-red-de-robo-de-vehiculos-en-zona-norte\/img-20250325-wa0049\/'><img decoding=\"async\" width=\"84\" height=\"150\" data-src=\"https:\/\/staytv.cr\/wp-content\/uploads\/IMG-20250325-WA0049-84x150.jpg\" class=\"attachment-thumbnail size-thumbnail lazyload\" alt=\"\" src=\"data:image\/svg+xml;base64,PHN2ZyB3aWR0aD0iMSIgaGVpZ2h0PSIxIiB4bWxucz0iaHR0cDovL3d3dy53My5vcmcvMjAwMC9zdmciPjwvc3ZnPg==\" style=\"--smush-placeholder-width: 84px; --smush-placeholder-aspect-ratio: 84\/150;\" data-srcset=\"https:\/\/staytv.cr\/wp-content\/uploads\/IMG-20250325-WA0049-84x150.jpg 84w, https:\/\/staytv.cr\/wp-content\/uploads\/IMG-20250325-WA0049-169x300.jpg 169w, https:\/\/staytv.cr\/wp-content\/uploads\/IMG-20250325-WA0049-576x1024.jpg 576w, https:\/\/staytv.cr\/wp-content\/uploads\/IMG-20250325-WA0049.jpg 720w\" data-sizes=\"auto\" data-original-sizes=\"(max-width: 84px) 100vw, 84px\" \/><\/a>\n\t\t\t<\/div><\/figure><figure class='gallery-item'>\n\t\t\t<div class='gallery-icon portrait'>\n\t\t\t\t<a href='https:\/\/staytv.cr\/index.php\/2025\/03\/25\/oij-allana-propiedad-en-alajuela-por-red-de-robo-de-vehiculos-en-zona-norte\/img-20250325-wa0050\/'><img decoding=\"async\" width=\"113\" height=\"150\" data-src=\"https:\/\/staytv.cr\/wp-content\/uploads\/IMG-20250325-WA0050-113x150.jpg\" class=\"attachment-thumbnail size-thumbnail lazyload\" alt=\"\" src=\"data:image\/svg+xml;base64,PHN2ZyB3aWR0aD0iMSIgaGVpZ2h0PSIxIiB4bWxucz0iaHR0cDovL3d3dy53My5vcmcvMjAwMC9zdmciPjwvc3ZnPg==\" style=\"--smush-placeholder-width: 113px; --smush-placeholder-aspect-ratio: 113\/150;\" data-srcset=\"https:\/\/staytv.cr\/wp-content\/uploads\/IMG-20250325-WA0050-113x150.jpg 113w, https:\/\/staytv.cr\/wp-content\/uploads\/IMG-20250325-WA0050-225x300.jpg 225w, https:\/\/staytv.cr\/wp-content\/uploads\/IMG-20250325-WA0050-768x1024.jpg 768w, https:\/\/staytv.cr\/wp-content\/uploads\/IMG-20250325-WA0050-1152x1536.jpg 1152w, https:\/\/staytv.cr\/wp-content\/uploads\/IMG-20250325-WA0050-860x1147.jpg 860w, https:\/\/staytv.cr\/wp-content\/uploads\/IMG-20250325-WA0050.jpg 1200w\" data-sizes=\"auto\" data-original-sizes=\"(max-width: 113px) 100vw, 113px\" \/><\/a>\n\t\t\t<\/div><\/figure><figure class='gallery-item'>\n\t\t\t<div class='gallery-icon landscape'>\n\t\t\t\t<a href='https:\/\/staytv.cr\/index.php\/2025\/03\/25\/oij-allana-propiedad-en-alajuela-por-red-de-robo-de-vehiculos-en-zona-norte\/img-20250325-wa0051\/'><img decoding=\"async\" width=\"150\" height=\"84\" data-src=\"https:\/\/staytv.cr\/wp-content\/uploads\/IMG-20250325-WA0051-150x84.jpg\" class=\"attachment-thumbnail size-thumbnail lazyload\" alt=\"\" src=\"data:image\/svg+xml;base64,PHN2ZyB3aWR0aD0iMSIgaGVpZ2h0PSIxIiB4bWxucz0iaHR0cDovL3d3dy53My5vcmcvMjAwMC9zdmciPjwvc3ZnPg==\" style=\"--smush-placeholder-width: 150px; --smush-placeholder-aspect-ratio: 150\/84;\" data-srcset=\"https:\/\/staytv.cr\/wp-content\/uploads\/IMG-20250325-WA0051-150x84.jpg 150w, https:\/\/staytv.cr\/wp-content\/uploads\/IMG-20250325-WA0051-300x169.jpg 300w, https:\/\/staytv.cr\/wp-content\/uploads\/IMG-20250325-WA0051-1024x576.jpg 1024w, https:\/\/staytv.cr\/wp-content\/uploads\/IMG-20250325-WA0051-768x432.jpg 768w, https:\/\/staytv.cr\/wp-content\/uploads\/IMG-20250325-WA0051-860x484.jpg 860w, https:\/\/staytv.cr\/wp-content\/uploads\/IMG-20250325-WA0051.jpg 1280w\" data-sizes=\"auto\" data-original-sizes=\"(max-width: 150px) 100vw, 150px\" \/><\/a>\n\t\t\t<\/div><\/figure><figure class='gallery-item'>\n\t\t\t<div class='gallery-icon portrait'>\n\t\t\t\t<a href='https:\/\/staytv.cr\/index.php\/2025\/03\/25\/oij-allana-propiedad-en-alajuela-por-red-de-robo-de-vehiculos-en-zona-norte\/img-20250325-wa0052\/'><img decoding=\"async\" width=\"84\" height=\"150\" data-src=\"https:\/\/staytv.cr\/wp-content\/uploads\/IMG-20250325-WA0052-84x150.jpg\" class=\"attachment-thumbnail size-thumbnail lazyload\" alt=\"\" src=\"data:image\/svg+xml;base64,PHN2ZyB3aWR0aD0iMSIgaGVpZ2h0PSIxIiB4bWxucz0iaHR0cDovL3d3dy53My5vcmcvMjAwMC9zdmciPjwvc3ZnPg==\" style=\"--smush-placeholder-width: 84px; --smush-placeholder-aspect-ratio: 84\/150;\" data-srcset=\"https:\/\/staytv.cr\/wp-content\/uploads\/IMG-20250325-WA0052-84x150.jpg 84w, https:\/\/staytv.cr\/wp-content\/uploads\/IMG-20250325-WA0052-169x300.jpg 169w, https:\/\/staytv.cr\/wp-content\/uploads\/IMG-20250325-WA0052-576x1024.jpg 576w, https:\/\/staytv.cr\/wp-content\/uploads\/IMG-20250325-WA0052-768x1366.jpg 768w, https:\/\/staytv.cr\/wp-content\/uploads\/IMG-20250325-WA0052-864x1536.jpg 864w, https:\/\/staytv.cr\/wp-content\/uploads\/IMG-20250325-WA0052-860x1530.jpg 860w, https:\/\/staytv.cr\/wp-content\/uploads\/IMG-20250325-WA0052.jpg 899w\" data-sizes=\"auto\" data-original-sizes=\"(max-width: 84px) 100vw, 84px\" \/><\/a>\n\t\t\t<\/div><\/figure><figure class='gallery-item'>\n\t\t\t<div class='gallery-icon portrait'>\n\t\t\t\t<a href='https:\/\/staytv.cr\/index.php\/2025\/03\/25\/oij-allana-propiedad-en-alajuela-por-red-de-robo-de-vehiculos-en-zona-norte\/img-20250325-wa0053\/'><img decoding=\"async\" width=\"84\" height=\"150\" data-src=\"https:\/\/staytv.cr\/wp-content\/uploads\/IMG-20250325-WA0053-84x150.jpg\" class=\"attachment-thumbnail size-thumbnail lazyload\" alt=\"\" src=\"data:image\/svg+xml;base64,PHN2ZyB3aWR0aD0iMSIgaGVpZ2h0PSIxIiB4bWxucz0iaHR0cDovL3d3dy53My5vcmcvMjAwMC9zdmciPjwvc3ZnPg==\" style=\"--smush-placeholder-width: 84px; --smush-placeholder-aspect-ratio: 84\/150;\" data-srcset=\"https:\/\/staytv.cr\/wp-content\/uploads\/IMG-20250325-WA0053-84x150.jpg 84w, https:\/\/staytv.cr\/wp-content\/uploads\/IMG-20250325-WA0053-169x300.jpg 169w, https:\/\/staytv.cr\/wp-content\/uploads\/IMG-20250325-WA0053-576x1024.jpg 576w, https:\/\/staytv.cr\/wp-content\/uploads\/IMG-20250325-WA0053-768x1365.jpg 768w, https:\/\/staytv.cr\/wp-content\/uploads\/IMG-20250325-WA0053-864x1536.jpg 864w, https:\/\/staytv.cr\/wp-content\/uploads\/IMG-20250325-WA0053-860x1529.jpg 860w, https:\/\/staytv.cr\/wp-content\/uploads\/IMG-20250325-WA0053.jpg 900w\" data-sizes=\"auto\" data-original-sizes=\"(max-width: 84px) 100vw, 84px\" \/><\/a>\n\t\t\t<\/div><\/figure>\n\t\t<\/div>\n<\/li>\n<\/ul>\n<hr \/>\n<p><em>Nota: El detenido ser\u00e1 trasladado a los tribunales de San Carlos en las pr\u00f3ximas horas. Im\u00e1genes del operativo ser\u00e1n publicadas en el portal oficial del OIJ.<\/em><\/p>\n","protected":false},"excerpt":{"rendered":"<p>Alajuela, 25 de marzo de 2025\u00a0 Agentes del Organismo de Investigaci\u00f3n Judicial (OIJ) de San Carlos ejecutaron este martes un allanamiento en el distrito El Cacao de Alajuela, como parte de una investigaci\u00f3n por el robo de cuatro veh\u00edculos en la Zona Norte entre agosto y septiembre de 2024. Detalles del caso Veh\u00edculos robados: \u2713 [&hellip;]<\/p>\n","protected":false},"author":10,"featured_media":6560,"comment_status":"closed","ping_status":"open","sticky":false,"template":"","format":"standard","meta":{"episode_type":"","audio_file":"","podmotor_file_id":"","podmotor_episode_id":"","cover_image":"","cover_image_id":"","duration":"","filesize":"","filesize_raw":"","date_recorded":"","explicit":"","block":"","itunes_episode_number":"","itunes_title":"","itunes_season_number":"","itunes_episode_type":"","footnotes":""},"categories":[1],"tags":[],"class_list":{"0":"post-6554","1":"post","2":"type-post","3":"status-publish","4":"format-standard","5":"has-post-thumbnail","7":"category-sucesos"},"aioseo_notices":[],"aioseo_head":"\n\t\t<!-- All in One SEO Pro 4.8.3.2 - aioseo.com -->\n\t<meta name=\"description\" content=\"Alajuela, 25 de marzo de 2025 Agentes del Organismo de Investigaci\u00f3n Judicial (OIJ) de San Carlos ejecutaron este martes un allanamiento en el distrito El Cacao de Alajuela, como parte de una investigaci\u00f3n por el robo de cuatro veh\u00edculos en la Zona Norte entre agosto y septiembre de 2024. Detalles del caso Veh\u00edculos robados: \u2713\" \/>\n\t<meta name=\"robots\" content=\"max-image-preview:large\" \/>\n\t<meta name=\"author\" content=\"Diego Molina\"\/>\n\t<link rel=\"canonical\" href=\"https:\/\/staytv.cr\/index.php\/2025\/03\/25\/oij-allana-propiedad-en-alajuela-por-red-de-robo-de-vehiculos-en-zona-norte\/\" \/>\n\t<meta name=\"generator\" content=\"All in One SEO Pro (AIOSEO) 4.8.3.2\" \/>\n\t\t<meta property=\"og:locale\" content=\"es_ES\" \/>\n\t\t<meta property=\"og:site_name\" content=\"Staytv - Medio de comunicaci\u00f3n digital de Costa Rica.\" \/>\n\t\t<meta property=\"og:type\" content=\"article\" \/>\n\t\t<meta property=\"og:title\" content=\"OIJ allana propiedad en Alajuela por red de robo de veh\u00edculos en Zona Norte - Staytv\" \/>\n\t\t<meta property=\"og:description\" content=\"Alajuela, 25 de marzo de 2025 Agentes del Organismo de Investigaci\u00f3n Judicial (OIJ) de San Carlos ejecutaron este martes un allanamiento en el distrito El Cacao de Alajuela, como parte de una investigaci\u00f3n por el robo de cuatro veh\u00edculos en la Zona Norte entre agosto y septiembre de 2024. Detalles del caso Veh\u00edculos robados: \u2713\" \/>\n\t\t<meta property=\"og:url\" content=\"https:\/\/staytv.cr\/index.php\/2025\/03\/25\/oij-allana-propiedad-en-alajuela-por-red-de-robo-de-vehiculos-en-zona-norte\/\" \/>\n\t\t<meta property=\"og:image\" content=\"https:\/\/staytv.cr\/wp-content\/uploads\/IMG-20250325-WA0051-1.jpg\" \/>\n\t\t<meta property=\"og:image:secure_url\" content=\"https:\/\/staytv.cr\/wp-content\/uploads\/IMG-20250325-WA0051-1.jpg\" \/>\n\t\t<meta property=\"og:image:width\" content=\"1280\" \/>\n\t\t<meta property=\"og:image:height\" content=\"720\" \/>\n\t\t<meta property=\"article:published_time\" content=\"2025-03-25T15:31:38+00:00\" \/>\n\t\t<meta property=\"article:modified_time\" content=\"2025-08-03T06:54:26+00:00\" \/>\n\t\t<meta property=\"article:publisher\" content=\"https:\/\/www.facebook.com\/staytvcr\" \/>\n\t\t<meta name=\"twitter:card\" content=\"summary_large_image\" \/>\n\t\t<meta name=\"twitter:title\" content=\"OIJ allana propiedad en Alajuela por red de robo de veh\u00edculos en Zona Norte - Staytv\" \/>\n\t\t<meta name=\"twitter:description\" content=\"Alajuela, 25 de marzo de 2025 Agentes del Organismo de Investigaci\u00f3n Judicial (OIJ) de San Carlos ejecutaron este martes un allanamiento en el distrito El Cacao de Alajuela, como parte de una investigaci\u00f3n por el robo de cuatro veh\u00edculos en la Zona Norte entre agosto y septiembre de 2024. Detalles del caso Veh\u00edculos robados: \u2713\" \/>\n\t\t<meta name=\"twitter:image\" content=\"https:\/\/staytv.cr\/wp-content\/uploads\/IMG-20250325-WA0051-1.jpg\" \/>\n\t\t<script type=\"application\/ld+json\" class=\"aioseo-schema\">\n\t\t\t{\"@context\":\"https:\\\/\\\/schema.org\",\"@graph\":[{\"@type\":\"BreadcrumbList\",\"@id\":\"https:\\\/\\\/staytv.cr\\\/index.php\\\/2025\\\/03\\\/25\\\/oij-allana-propiedad-en-alajuela-por-red-de-robo-de-vehiculos-en-zona-norte\\\/#breadcrumblist\",\"itemListElement\":[{\"@type\":\"ListItem\",\"@id\":\"https:\\\/\\\/staytv.cr#listItem\",\"position\":1,\"name\":\"Home\",\"item\":\"https:\\\/\\\/staytv.cr\",\"nextItem\":{\"@type\":\"ListItem\",\"@id\":\"https:\\\/\\\/staytv.cr\\\/index.php\\\/category\\\/sucesos\\\/#listItem\",\"name\":\"SUCESOS\"}},{\"@type\":\"ListItem\",\"@id\":\"https:\\\/\\\/staytv.cr\\\/index.php\\\/category\\\/sucesos\\\/#listItem\",\"position\":2,\"name\":\"SUCESOS\",\"item\":\"https:\\\/\\\/staytv.cr\\\/index.php\\\/category\\\/sucesos\\\/\",\"nextItem\":{\"@type\":\"ListItem\",\"@id\":\"https:\\\/\\\/staytv.cr\\\/index.php\\\/2025\\\/03\\\/25\\\/oij-allana-propiedad-en-alajuela-por-red-de-robo-de-vehiculos-en-zona-norte\\\/#listItem\",\"name\":\"OIJ allana propiedad en Alajuela por red de robo de veh\\u00edculos en Zona Norte\"},\"previousItem\":{\"@type\":\"ListItem\",\"@id\":\"https:\\\/\\\/staytv.cr#listItem\",\"name\":\"Home\"}},{\"@type\":\"ListItem\",\"@id\":\"https:\\\/\\\/staytv.cr\\\/index.php\\\/2025\\\/03\\\/25\\\/oij-allana-propiedad-en-alajuela-por-red-de-robo-de-vehiculos-en-zona-norte\\\/#listItem\",\"position\":3,\"name\":\"OIJ allana propiedad en Alajuela por red de robo de veh\\u00edculos en Zona Norte\",\"previousItem\":{\"@type\":\"ListItem\",\"@id\":\"https:\\\/\\\/staytv.cr\\\/index.php\\\/category\\\/sucesos\\\/#listItem\",\"name\":\"SUCESOS\"}}]},{\"@type\":\"Organization\",\"@id\":\"https:\\\/\\\/staytv.cr\\\/#organization\",\"name\":\"Stay TV\",\"description\":\"Stay TV es un medio digital de noticias con base en Centroam\\u00e9rica, con cobertura local e internacional desde una mirada asi\\u00e1tica.\",\"url\":\"https:\\\/\\\/staytv.cr\\\/\",\"logo\":{\"@type\":\"ImageObject\",\"url\":\"https:\\\/\\\/staytv.cr\\\/wp-content\\\/uploads\\\/cropped-StayTV_logo_oficial_simple.png\",\"@id\":\"https:\\\/\\\/staytv.cr\\\/index.php\\\/2025\\\/03\\\/25\\\/oij-allana-propiedad-en-alajuela-por-red-de-robo-de-vehiculos-en-zona-norte\\\/#organizationLogo\",\"width\":2560,\"height\":769},\"image\":{\"@id\":\"https:\\\/\\\/staytv.cr\\\/index.php\\\/2025\\\/03\\\/25\\\/oij-allana-propiedad-en-alajuela-por-red-de-robo-de-vehiculos-en-zona-norte\\\/#organizationLogo\"},\"sameAs\":[\"https:\\\/\\\/www.instagram.com\\\/staytvcr\\\/\"]},{\"@type\":\"Person\",\"@id\":\"https:\\\/\\\/staytv.cr\\\/index.php\\\/author\\\/diegostaytv\\\/#author\",\"url\":\"https:\\\/\\\/staytv.cr\\\/index.php\\\/author\\\/diegostaytv\\\/\",\"name\":\"Diego Molina\",\"image\":{\"@type\":\"ImageObject\",\"url\":\"https:\\\/\\\/secure.gravatar.com\\\/avatar\\\/7d23cb63381aa64750c7e76727c208369ebd6f2565e9dc4c62e323b1ea59af41?s=96&d=mm&r=g\"}},{\"@type\":\"WebPage\",\"@id\":\"https:\\\/\\\/staytv.cr\\\/index.php\\\/2025\\\/03\\\/25\\\/oij-allana-propiedad-en-alajuela-por-red-de-robo-de-vehiculos-en-zona-norte\\\/#webpage\",\"url\":\"https:\\\/\\\/staytv.cr\\\/index.php\\\/2025\\\/03\\\/25\\\/oij-allana-propiedad-en-alajuela-por-red-de-robo-de-vehiculos-en-zona-norte\\\/\",\"name\":\"OIJ allana propiedad en Alajuela por red de robo de veh\\u00edculos en Zona Norte - Staytv\",\"description\":\"Alajuela, 25 de marzo de 2025 Agentes del Organismo de Investigaci\\u00f3n Judicial (OIJ) de San Carlos ejecutaron este martes un allanamiento en el distrito El Cacao de Alajuela, como parte de una investigaci\\u00f3n por el robo de cuatro veh\\u00edculos en la Zona Norte entre agosto y septiembre de 2024. Detalles del caso Veh\\u00edculos robados: \\u2713\",\"inLanguage\":\"es-ES\",\"isPartOf\":{\"@id\":\"https:\\\/\\\/staytv.cr\\\/#website\"},\"breadcrumb\":{\"@id\":\"https:\\\/\\\/staytv.cr\\\/index.php\\\/2025\\\/03\\\/25\\\/oij-allana-propiedad-en-alajuela-por-red-de-robo-de-vehiculos-en-zona-norte\\\/#breadcrumblist\"},\"author\":{\"@id\":\"https:\\\/\\\/staytv.cr\\\/index.php\\\/author\\\/diegostaytv\\\/#author\"},\"creator\":{\"@id\":\"https:\\\/\\\/staytv.cr\\\/index.php\\\/author\\\/diegostaytv\\\/#author\"},\"image\":{\"@type\":\"ImageObject\",\"url\":\"https:\\\/\\\/staytv.cr\\\/wp-content\\\/uploads\\\/IMG-20250325-WA0051-1.jpg\",\"@id\":\"https:\\\/\\\/staytv.cr\\\/index.php\\\/2025\\\/03\\\/25\\\/oij-allana-propiedad-en-alajuela-por-red-de-robo-de-vehiculos-en-zona-norte\\\/#mainImage\",\"width\":1280,\"height\":720},\"primaryImageOfPage\":{\"@id\":\"https:\\\/\\\/staytv.cr\\\/index.php\\\/2025\\\/03\\\/25\\\/oij-allana-propiedad-en-alajuela-por-red-de-robo-de-vehiculos-en-zona-norte\\\/#mainImage\"},\"datePublished\":\"2025-03-25T09:31:38-06:00\",\"dateModified\":\"2025-08-03T00:54:26-06:00\"},{\"@type\":\"WebSite\",\"@id\":\"https:\\\/\\\/staytv.cr\\\/#website\",\"url\":\"https:\\\/\\\/staytv.cr\\\/\",\"name\":\"Staytv\",\"description\":\"Medio de comunicaci\\u00f3n digital de Costa Rica.\",\"inLanguage\":\"es-ES\",\"publisher\":{\"@id\":\"https:\\\/\\\/staytv.cr\\\/#organization\"}}]}\n\t\t<\/script>\n\t\t<!-- All in One SEO Pro -->\r\n\t\t<title>OIJ allana propiedad en Alajuela por red de robo de veh\u00edculos en Zona Norte - Staytv<\/title>\n\n","aioseo_head_json":{"title":"OIJ allana propiedad en Alajuela por red de robo de veh\u00edculos en Zona Norte - Staytv","description":"Alajuela, 25 de marzo de 2025 Agentes del Organismo de Investigaci\u00f3n Judicial (OIJ) de San Carlos ejecutaron este martes un allanamiento en el distrito El Cacao de Alajuela, como parte de una investigaci\u00f3n por el robo de cuatro veh\u00edculos en la Zona Norte entre agosto y septiembre de 2024. Detalles del caso Veh\u00edculos robados: \u2713","canonical_url":"https:\/\/staytv.cr\/index.php\/2025\/03\/25\/oij-allana-propiedad-en-alajuela-por-red-de-robo-de-vehiculos-en-zona-norte\/","robots":"max-image-preview:large","keywords":"","webmasterTools":{"miscellaneous":""},"schema":{"@context":"https:\/\/schema.org","@graph":[{"@type":"BreadcrumbList","@id":"https:\/\/staytv.cr\/index.php\/2025\/03\/25\/oij-allana-propiedad-en-alajuela-por-red-de-robo-de-vehiculos-en-zona-norte\/#breadcrumblist","itemListElement":[{"@type":"ListItem","@id":"https:\/\/staytv.cr#listItem","position":1,"name":"Home","item":"https:\/\/staytv.cr","nextItem":{"@type":"ListItem","@id":"https:\/\/staytv.cr\/index.php\/category\/sucesos\/#listItem","name":"SUCESOS"}},{"@type":"ListItem","@id":"https:\/\/staytv.cr\/index.php\/category\/sucesos\/#listItem","position":2,"name":"SUCESOS","item":"https:\/\/staytv.cr\/index.php\/category\/sucesos\/","nextItem":{"@type":"ListItem","@id":"https:\/\/staytv.cr\/index.php\/2025\/03\/25\/oij-allana-propiedad-en-alajuela-por-red-de-robo-de-vehiculos-en-zona-norte\/#listItem","name":"OIJ allana propiedad en Alajuela por red de robo de veh\u00edculos en Zona Norte"},"previousItem":{"@type":"ListItem","@id":"https:\/\/staytv.cr#listItem","name":"Home"}},{"@type":"ListItem","@id":"https:\/\/staytv.cr\/index.php\/2025\/03\/25\/oij-allana-propiedad-en-alajuela-por-red-de-robo-de-vehiculos-en-zona-norte\/#listItem","position":3,"name":"OIJ allana propiedad en Alajuela por red de robo de veh\u00edculos en Zona Norte","previousItem":{"@type":"ListItem","@id":"https:\/\/staytv.cr\/index.php\/category\/sucesos\/#listItem","name":"SUCESOS"}}]},{"@type":"Organization","@id":"https:\/\/staytv.cr\/#organization","name":"Stay TV","description":"Stay TV es un medio digital de noticias con base en Centroam\u00e9rica, con cobertura local e internacional desde una mirada asi\u00e1tica.","url":"https:\/\/staytv.cr\/","logo":{"@type":"ImageObject","url":"https:\/\/staytv.cr\/wp-content\/uploads\/cropped-StayTV_logo_oficial_simple.png","@id":"https:\/\/staytv.cr\/index.php\/2025\/03\/25\/oij-allana-propiedad-en-alajuela-por-red-de-robo-de-vehiculos-en-zona-norte\/#organizationLogo","width":2560,"height":769},"image":{"@id":"https:\/\/staytv.cr\/index.php\/2025\/03\/25\/oij-allana-propiedad-en-alajuela-por-red-de-robo-de-vehiculos-en-zona-norte\/#organizationLogo"},"sameAs":["https:\/\/www.instagram.com\/staytvcr\/"]},{"@type":"Person","@id":"https:\/\/staytv.cr\/index.php\/author\/diegostaytv\/#author","url":"https:\/\/staytv.cr\/index.php\/author\/diegostaytv\/","name":"Diego Molina","image":{"@type":"ImageObject","url":"https:\/\/secure.gravatar.com\/avatar\/7d23cb63381aa64750c7e76727c208369ebd6f2565e9dc4c62e323b1ea59af41?s=96&d=mm&r=g"}},{"@type":"WebPage","@id":"https:\/\/staytv.cr\/index.php\/2025\/03\/25\/oij-allana-propiedad-en-alajuela-por-red-de-robo-de-vehiculos-en-zona-norte\/#webpage","url":"https:\/\/staytv.cr\/index.php\/2025\/03\/25\/oij-allana-propiedad-en-alajuela-por-red-de-robo-de-vehiculos-en-zona-norte\/","name":"OIJ allana propiedad en Alajuela por red de robo de veh\u00edculos en Zona Norte - Staytv","description":"Alajuela, 25 de marzo de 2025 Agentes del Organismo de Investigaci\u00f3n Judicial (OIJ) de San Carlos ejecutaron este martes un allanamiento en el distrito El Cacao de Alajuela, como parte de una investigaci\u00f3n por el robo de cuatro veh\u00edculos en la Zona Norte entre agosto y septiembre de 2024. Detalles del caso Veh\u00edculos robados: \u2713","inLanguage":"es-ES","isPartOf":{"@id":"https:\/\/staytv.cr\/#website"},"breadcrumb":{"@id":"https:\/\/staytv.cr\/index.php\/2025\/03\/25\/oij-allana-propiedad-en-alajuela-por-red-de-robo-de-vehiculos-en-zona-norte\/#breadcrumblist"},"author":{"@id":"https:\/\/staytv.cr\/index.php\/author\/diegostaytv\/#author"},"creator":{"@id":"https:\/\/staytv.cr\/index.php\/author\/diegostaytv\/#author"},"image":{"@type":"ImageObject","url":"https:\/\/staytv.cr\/wp-content\/uploads\/IMG-20250325-WA0051-1.jpg","@id":"https:\/\/staytv.cr\/index.php\/2025\/03\/25\/oij-allana-propiedad-en-alajuela-por-red-de-robo-de-vehiculos-en-zona-norte\/#mainImage","width":1280,"height":720},"primaryImageOfPage":{"@id":"https:\/\/staytv.cr\/index.php\/2025\/03\/25\/oij-allana-propiedad-en-alajuela-por-red-de-robo-de-vehiculos-en-zona-norte\/#mainImage"},"datePublished":"2025-03-25T09:31:38-06:00","dateModified":"2025-08-03T00:54:26-06:00"},{"@type":"WebSite","@id":"https:\/\/staytv.cr\/#website","url":"https:\/\/staytv.cr\/","name":"Staytv","description":"Medio de comunicaci\u00f3n digital de Costa Rica.","inLanguage":"es-ES","publisher":{"@id":"https:\/\/staytv.cr\/#organization"}}]},"og:locale":"es_ES","og:site_name":"Staytv - Medio de comunicaci\u00f3n digital de Costa Rica.","og:type":"article","og:title":"OIJ allana propiedad en Alajuela por red de robo de veh\u00edculos en Zona Norte - Staytv","og:description":"Alajuela, 25 de marzo de 2025 Agentes del Organismo de Investigaci\u00f3n Judicial (OIJ) de San Carlos ejecutaron este martes un allanamiento en el distrito El Cacao de Alajuela, como parte de una investigaci\u00f3n por el robo de cuatro veh\u00edculos en la Zona Norte entre agosto y septiembre de 2024. Detalles del caso Veh\u00edculos robados: \u2713","og:url":"https:\/\/staytv.cr\/index.php\/2025\/03\/25\/oij-allana-propiedad-en-alajuela-por-red-de-robo-de-vehiculos-en-zona-norte\/","og:image":"https:\/\/staytv.cr\/wp-content\/uploads\/IMG-20250325-WA0051-1.jpg","og:image:secure_url":"https:\/\/staytv.cr\/wp-content\/uploads\/IMG-20250325-WA0051-1.jpg","og:image:width":1280,"og:image:height":720,"article:published_time":"2025-03-25T15:31:38+00:00","article:modified_time":"2025-08-03T06:54:26+00:00","article:publisher":"https:\/\/www.facebook.com\/staytvcr","twitter:card":"summary_large_image","twitter:title":"OIJ allana propiedad en Alajuela por red de robo de veh\u00edculos en Zona Norte - Staytv","twitter:description":"Alajuela, 25 de marzo de 2025 Agentes del Organismo de Investigaci\u00f3n Judicial (OIJ) de San Carlos ejecutaron este martes un allanamiento en el distrito El Cacao de Alajuela, como parte de una investigaci\u00f3n por el robo de cuatro veh\u00edculos en la Zona Norte entre agosto y septiembre de 2024. Detalles del caso Veh\u00edculos robados: \u2713","twitter:image":"https:\/\/staytv.cr\/wp-content\/uploads\/IMG-20250325-WA0051-1.jpg"},"aioseo_meta_data":{"post_id":"6554","title":null,"description":null,"keywords":null,"keyphrases":null,"canonical_url":null,"og_title":null,"og_description":null,"og_object_type":"default","og_image_type":"default","og_image_custom_url":null,"og_image_custom_fields":null,"og_custom_image_width":null,"og_custom_image_height":null,"og_video":null,"og_custom_url":null,"og_article_section":null,"og_article_tags":null,"twitter_use_og":true,"twitter_card":"default","twitter_image_type":"default","twitter_image_custom_url":null,"twitter_image_custom_fields":null,"twitter_title":null,"twitter_description":null,"schema_type":null,"schema_type_options":null,"pillar_content":false,"robots_default":true,"robots_noindex":false,"robots_noarchive":false,"robots_nosnippet":false,"robots_nofollow":false,"robots_noimageindex":false,"robots_noodp":false,"robots_notranslate":false,"robots_max_snippet":null,"robots_max_videopreview":null,"robots_max_imagepreview":"none","tabs":null,"priority":null,"frequency":null,"local_seo":null,"created":"2025-09-04 10:55:52","updated":"2026-05-01 09:55:06"},"aioseo_breadcrumb":"<div class=\"aioseo-breadcrumbs\"><span class=\"aioseo-breadcrumb\">\n\t<a href=\"https:\/\/staytv.cr\" title=\"Home\">Home<\/a>\n<\/span><span class=\"aioseo-breadcrumb-separator\">&raquo;<\/span><span class=\"aioseo-breadcrumb\">\n\t<a href=\"https:\/\/staytv.cr\/index.php\/category\/sucesos\/\" title=\"SUCESOS\">SUCESOS<\/a>\n<\/span><span class=\"aioseo-breadcrumb-separator\">&raquo;<\/span><span class=\"aioseo-breadcrumb\">\n\tOIJ allana propiedad en Alajuela por red de robo de veh\u00edculos en Zona Norte\n<\/span><\/div>","aioseo_breadcrumb_json":[{"label":"Home","link":"https:\/\/staytv.cr"},{"label":"SUCESOS","link":"https:\/\/staytv.cr\/index.php\/category\/sucesos\/"},{"label":"OIJ allana propiedad en Alajuela por red de robo de veh\u00edculos en Zona Norte","link":"https:\/\/staytv.cr\/index.php\/2025\/03\/25\/oij-allana-propiedad-en-alajuela-por-red-de-robo-de-vehiculos-en-zona-norte\/"}],"_links":{"self":[{"href":"https:\/\/staytv.cr\/index.php\/wp-json\/wp\/v2\/posts\/6554","targetHints":{"allow":["GET"]}}],"collection":[{"href":"https:\/\/staytv.cr\/index.php\/wp-json\/wp\/v2\/posts"}],"about":[{"href":"https:\/\/staytv.cr\/index.php\/wp-json\/wp\/v2\/types\/post"}],"author":[{"embeddable":true,"href":"https:\/\/staytv.cr\/index.php\/wp-json\/wp\/v2\/users\/10"}],"replies":[{"embeddable":true,"href":"https:\/\/staytv.cr\/index.php\/wp-json\/wp\/v2\/comments?post=6554"}],"version-history":[{"count":1,"href":"https:\/\/staytv.cr\/index.php\/wp-json\/wp\/v2\/posts\/6554\/revisions"}],"predecessor-version":[{"id":6561,"href":"https:\/\/staytv.cr\/index.php\/wp-json\/wp\/v2\/posts\/6554\/revisions\/6561"}],"wp:featuredmedia":[{"embeddable":true,"href":"https:\/\/staytv.cr\/index.php\/wp-json\/wp\/v2\/media\/6560"}],"wp:attachment":[{"href":"https:\/\/staytv.cr\/index.php\/wp-json\/wp\/v2\/media?parent=6554"}],"wp:term":[{"taxonomy":"category","embeddable":true,"href":"https:\/\/staytv.cr\/index.php\/wp-json\/wp\/v2\/categories?post=6554"},{"taxonomy":"post_tag","embeddable":true,"href":"https:\/\/staytv.cr\/index.php\/wp-json\/wp\/v2\/tags?post=6554"}],"curies":[{"name":"wp","href":"https:\/\/api.w.org\/{rel}","templated":true}]}}