{"id":9257,"date":"2025-04-28T14:28:53","date_gmt":"2025-04-28T20:28:53","guid":{"rendered":"https:\/\/staytv-net-559754.hostingersite.com\/?p=9257"},"modified":"2025-04-28T14:28:53","modified_gmt":"2025-04-28T20:28:53","slug":"klm-aumenta-frecuencia-de-vuelos-a-costa-rica-para-temporada-2025-2026","status":"publish","type":"post","link":"https:\/\/staytv.cr\/index.php\/2025\/04\/28\/klm-aumenta-frecuencia-de-vuelos-a-costa-rica-para-temporada-2025-2026\/","title":{"rendered":"KLM aumenta frecuencia de vuelos a Costa Rica para temporada 2025-2026"},"content":{"rendered":"<p class=\"mb-1.5 mt-3 text-base\"><em class=\"italic\">San Jos\u00e9, Costa Rica<\/em>\u00a0\u2014 La aerol\u00ednea\u00a0<strong class=\"font-serif text-lg font-medium\">KLM<\/strong>, de\u00a0<strong class=\"font-serif text-lg font-medium\">Pa\u00edses Bajos<\/strong>, anunci\u00f3 un incremento en sus operaciones hacia Costa Rica, programando\u00a0<strong class=\"font-serif text-lg font-medium\">cinco vuelos semanales<\/strong>\u00a0durante la temporada alta entre\u00a0<strong class=\"font-serif text-lg font-medium\">octubre 2025 y abril 2026<\/strong>. Este aumento refuerza la conectividad entre ambos pa\u00edses y abre nuevas posibilidades para el turismo en Europa y Am\u00e9rica Central.<\/p>\n<hr class=\"my-1 border-zinc-200 dark:border-zinc-700\" \/>\n<h3 class=\"mb-2 mt-4 font-serif text-xl font-medium leading-8 md:text-2xl md:leading-[38px]\"><strong class=\"font-serif text-lg font-medium\">Detalles operativos<\/strong><\/h3>\n<p class=\"mb-1.5 mt-3 text-base\">La aerol\u00ednea operar\u00e1 en el Aeropuerto\u00a0<strong class=\"font-serif text-lg font-medium\">Juan Santamar\u00eda (SJO)<\/strong>\u00a0con destino a\u00a0<strong class=\"font-serif text-lg font-medium\">\u00c1msterdam-Schiphol (AMS)<\/strong>, utilizando aviones\u00a0<strong class=\"font-serif text-lg font-medium\">Boeing 787 Dreamliner<\/strong>.<\/p>\n<ul class=\"my-1 list-disc pl-4\">\n<li class=\"my-1\"><strong class=\"font-serif text-lg font-medium\">D\u00edas de vuelo<\/strong>: Lunes, martes, mi\u00e9rcoles, jueves y domingo.<\/li>\n<li class=\"my-1\"><strong class=\"font-serif text-lg font-medium\">Horarios estimados<\/strong>:\n<ul class=\"my-1 list-disc pl-4\">\n<li class=\"my-1\">Llegada a Costa Rica:\u00a0<strong class=\"font-serif text-lg font-medium\">5:10 p.m.<\/strong><\/li>\n<li class=\"my-1\">Salida hacia Pa\u00edses Bajos:\u00a0<strong class=\"font-serif text-lg font-medium\">8:35 p.m.<\/strong><\/li>\n<\/ul>\n<\/li>\n<\/ul>\n<p class=\"mb-1.5 mt-3 text-base\">Este incremento eleva de cuatro a cinco las frecuencias semanales, consolidando a KLM como un puente clave entre Costa Rica y Europa.<\/p>\n<hr class=\"my-1 border-zinc-200 dark:border-zinc-700\" \/>\n<h3 class=\"mb-2 mt-4 font-serif text-xl font-medium leading-8 md:text-2xl md:leading-[38px]\"><strong class=\"font-serif text-lg font-medium\">Beneficios para el turismo costarricense<\/strong><\/h3>\n<p class=\"mb-1.5 mt-3 text-base\">Pa\u00edses Bajos es el\u00a0<strong class=\"font-serif text-lg font-medium\">quinto mercado emisor de turistas europeos<\/strong>\u00a0hacia Costa Rica, con un creciente inter\u00e9s en destinos naturales y turismo sostenible.<\/p>\n<ul class=\"my-1 list-disc pl-4\">\n<li class=\"my-1\"><strong class=\"font-serif text-lg font-medium\">Estad\u00edsticas recientes<\/strong>:\n<ul class=\"my-1 list-disc pl-4\">\n<li class=\"my-1\">Primer trimestre de 2025:\u00a0<strong class=\"font-serif text-lg font-medium\">10,370 turistas neerlandeses<\/strong>\u00a0llegaron al pa\u00eds.<\/li>\n<li class=\"my-1\">Total de turistas europeos en 2025 (enero-marzo):\u00a0<strong class=\"font-serif text-lg font-medium\">158,842<\/strong>.<\/li>\n<li class=\"my-1\">Turistas europeos acumulados en 2024:\u00a0<strong class=\"font-serif text-lg font-medium\">428,637<\/strong>.<\/li>\n<\/ul>\n<\/li>\n<\/ul>\n<p class=\"mb-1.5 mt-3 text-base\">El ministro de Turismo,\u00a0<strong class=\"font-serif text-lg font-medium\">William Rodr\u00edguez<\/strong>, destac\u00f3 la importancia de esta decisi\u00f3n:<\/p>\n<blockquote class=\"my-1 border-l-4 pl-4 italic dark:border-zinc-600\">\n<p class=\"mb-1.5 mt-3 text-base\"><em class=\"italic\">&#8220;Agradecemos a KLM por confiar en Costa Rica. Este anuncio no solo fortalece nuestra conectividad con Pa\u00edses Bajos, sino tambi\u00e9n con todo el continente europeo a trav\u00e9s de \u00c1msterdam.&#8221;<\/em><\/p>\n<\/blockquote>\n<hr class=\"my-1 border-zinc-200 dark:border-zinc-700\" \/>\n<h3 class=\"mb-2 mt-4 font-serif text-xl font-medium leading-8 md:text-2xl md:leading-[38px]\"><strong class=\"font-serif text-lg font-medium\">Contexto de conectividad a\u00e9rea<\/strong><\/h3>\n<p class=\"mb-1.5 mt-3 text-base\">Este anuncio se suma al incremento de frecuencias anunciado por\u00a0<strong class=\"font-serif text-lg font-medium\">Air France<\/strong>\u00a0en abril, que operar\u00e1\u00a0<strong class=\"font-serif text-lg font-medium\">nueve vuelos semanales<\/strong>\u00a0durante per\u00edodos espec\u00edficos de la temporada alta:<\/p>\n<ul class=\"my-1 list-disc pl-4\">\n<li class=\"my-1\"><strong class=\"font-serif text-lg font-medium\">Diciembre 2025 a enero 2026<\/strong>: Dos vuelos diarios los lunes y s\u00e1bados.<\/li>\n<li class=\"my-1\"><strong class=\"font-serif text-lg font-medium\">Febrero a marzo 2026<\/strong>: Nueve vuelos semanales.<\/li>\n<\/ul>\n<p class=\"mb-1.5 mt-3 text-base\">Ambas aerol\u00edneas consolidan a Costa Rica como un destino atractivo para los viajeros europeos, ofreciendo mayor flexibilidad y opciones de conexi\u00f3n.<\/p>\n<hr class=\"my-1 border-zinc-200 dark:border-zinc-700\" \/>\n<p class=\"mb-1.5 mt-3 text-base\"><strong class=\"font-serif text-lg font-medium\">Impacto econ\u00f3mico y tur\u00edstico<\/strong><br \/>\nCon estas medidas, Costa Rica refuerza su posici\u00f3n como un\u00a0<strong class=\"font-serif text-lg font-medium\">hub tur\u00edstico en Centroam\u00e9rica<\/strong>, promoviendo su biodiversidad, cultura y sostenibilidad ante un mercado europeo cada vez m\u00e1s interesado en explorar nuevas experiencias.<\/p>\n<p class=\"mb-1.5 mt-3 text-base\"><em class=\"italic\">Para m\u00e1s informaci\u00f3n sobre rutas y horarios, consulta los sitios oficiales de KLM y el Instituto Costarricense de Turismo (ICT).<\/em><\/p>\n<p><iframe title=\"KLM aumenta frecuencia de vuelos a Costa Rica para temporada 2025-2026\" width=\"1170\" height=\"658\" data-src=\"https:\/\/www.youtube.com\/embed\/PclWv19Qp1A?feature=oembed&enablejsapi=1\" frameborder=\"0\" allow=\"accelerometer; autoplay; clipboard-write; encrypted-media; gyroscope; picture-in-picture; web-share\" referrerpolicy=\"strict-origin-when-cross-origin\" allowfullscreen src=\"data:image\/svg+xml;base64,PHN2ZyB3aWR0aD0iMSIgaGVpZ2h0PSIxIiB4bWxucz0iaHR0cDovL3d3dy53My5vcmcvMjAwMC9zdmciPjwvc3ZnPg==\" class=\"lazyload\" data-load-mode=\"1\"><\/iframe><\/p>\n","protected":false},"excerpt":{"rendered":"<p>San Jos\u00e9, Costa Rica\u00a0\u2014 La aerol\u00ednea\u00a0KLM, de\u00a0Pa\u00edses Bajo [&hellip;]<\/p>\n","protected":false},"author":10,"featured_media":9258,"comment_status":"closed","ping_status":"open","sticky":false,"template":"","format":"standard","meta":{"_monsterinsights_skip_tracking":false,"_monsterinsights_sitenote_active":false,"_monsterinsights_sitenote_note":"","_monsterinsights_sitenote_category":0,"episode_type":"","audio_file":"","podmotor_file_id":"","podmotor_episode_id":"","cover_image":"","cover_image_id":"","duration":"","filesize":"","filesize_raw":"","date_recorded":"","explicit":"","block":"","itunes_episode_number":"","itunes_title":"","itunes_season_number":"","itunes_episode_type":"","footnotes":""},"categories":[13],"tags":[],"class_list":["post-9257","post","type-post","status-publish","format-standard","has-post-thumbnail","category-nacional"],"aioseo_notices":[],"aioseo_head":"\n\t\t<!-- All in One SEO Pro 4.8.3.2 - aioseo.com -->\n\t<meta name=\"description\" content=\"San Jos\u00e9, Costa Rica \u2014 La aerol\u00ednea KLM, de Pa\u00edses Bajo\" \/>\n\t<meta name=\"robots\" content=\"max-image-preview:large\" \/>\n\t<meta name=\"author\" content=\"Diego Molina\"\/>\n\t<link rel=\"canonical\" href=\"https:\/\/staytv.cr\/index.php\/2025\/04\/28\/klm-aumenta-frecuencia-de-vuelos-a-costa-rica-para-temporada-2025-2026\/\" \/>\n\t<meta name=\"generator\" content=\"All in One SEO Pro (AIOSEO) 4.8.3.2\" \/>\n\t\t<meta property=\"og:locale\" content=\"zh_TW\" \/>\n\t\t<meta property=\"og:site_name\" content=\"Staytv - Medio de comunicaci\u00f3n digital de Costa Rica.\" \/>\n\t\t<meta property=\"og:type\" content=\"article\" \/>\n\t\t<meta property=\"og:title\" content=\"KLM aumenta frecuencia de vuelos a Costa Rica para temporada 2025-2026 - Staytv\" \/>\n\t\t<meta property=\"og:description\" content=\"San Jos\u00e9, Costa Rica \u2014 La aerol\u00ednea KLM, de Pa\u00edses Bajo\" \/>\n\t\t<meta property=\"og:url\" content=\"https:\/\/staytv.cr\/index.php\/2025\/04\/28\/klm-aumenta-frecuencia-de-vuelos-a-costa-rica-para-temporada-2025-2026\/\" \/>\n\t\t<meta property=\"og:image\" content=\"https:\/\/staytv.cr\/wp-content\/uploads\/Sin-titulo-11-15.png\" \/>\n\t\t<meta property=\"og:image:secure_url\" content=\"https:\/\/staytv.cr\/wp-content\/uploads\/Sin-titulo-11-15.png\" \/>\n\t\t<meta property=\"og:image:width\" content=\"1280\" \/>\n\t\t<meta property=\"og:image:height\" content=\"720\" \/>\n\t\t<meta property=\"article:published_time\" content=\"2025-04-28T20:28:53+00:00\" \/>\n\t\t<meta property=\"article:modified_time\" content=\"2025-04-28T20:28:53+00:00\" \/>\n\t\t<meta property=\"article:publisher\" content=\"https:\/\/www.facebook.com\/staytvcr\" \/>\n\t\t<meta name=\"twitter:card\" content=\"summary_large_image\" \/>\n\t\t<meta name=\"twitter:title\" content=\"KLM aumenta frecuencia de vuelos a Costa Rica para temporada 2025-2026 - Staytv\" \/>\n\t\t<meta name=\"twitter:description\" content=\"San Jos\u00e9, Costa Rica \u2014 La aerol\u00ednea KLM, de Pa\u00edses Bajo\" \/>\n\t\t<meta name=\"twitter:image\" content=\"https:\/\/staytv.cr\/wp-content\/uploads\/Sin-titulo-11-15.png\" \/>\n\t\t<script type=\"application\/ld+json\" class=\"aioseo-schema\">\n\t\t\t{\"@context\":\"https:\\\/\\\/schema.org\",\"@graph\":[{\"@type\":\"BreadcrumbList\",\"@id\":\"https:\\\/\\\/staytv.cr\\\/index.php\\\/2025\\\/04\\\/28\\\/klm-aumenta-frecuencia-de-vuelos-a-costa-rica-para-temporada-2025-2026\\\/#breadcrumblist\",\"itemListElement\":[{\"@type\":\"ListItem\",\"@id\":\"https:\\\/\\\/staytv.cr#listItem\",\"position\":1,\"name\":\"Home\",\"item\":\"https:\\\/\\\/staytv.cr\",\"nextItem\":{\"@type\":\"ListItem\",\"@id\":\"https:\\\/\\\/staytv.cr\\\/index.php\\\/category\\\/nacional\\\/#listItem\",\"name\":\"NACIONAL\"}},{\"@type\":\"ListItem\",\"@id\":\"https:\\\/\\\/staytv.cr\\\/index.php\\\/category\\\/nacional\\\/#listItem\",\"position\":2,\"name\":\"NACIONAL\",\"item\":\"https:\\\/\\\/staytv.cr\\\/index.php\\\/category\\\/nacional\\\/\",\"nextItem\":{\"@type\":\"ListItem\",\"@id\":\"https:\\\/\\\/staytv.cr\\\/index.php\\\/2025\\\/04\\\/28\\\/klm-aumenta-frecuencia-de-vuelos-a-costa-rica-para-temporada-2025-2026\\\/#listItem\",\"name\":\"KLM aumenta frecuencia de vuelos a Costa Rica para temporada 2025-2026\"},\"previousItem\":{\"@type\":\"ListItem\",\"@id\":\"https:\\\/\\\/staytv.cr#listItem\",\"name\":\"Home\"}},{\"@type\":\"ListItem\",\"@id\":\"https:\\\/\\\/staytv.cr\\\/index.php\\\/2025\\\/04\\\/28\\\/klm-aumenta-frecuencia-de-vuelos-a-costa-rica-para-temporada-2025-2026\\\/#listItem\",\"position\":3,\"name\":\"KLM aumenta frecuencia de vuelos a Costa Rica para temporada 2025-2026\",\"previousItem\":{\"@type\":\"ListItem\",\"@id\":\"https:\\\/\\\/staytv.cr\\\/index.php\\\/category\\\/nacional\\\/#listItem\",\"name\":\"NACIONAL\"}}]},{\"@type\":\"Organization\",\"@id\":\"https:\\\/\\\/staytv.cr\\\/#organization\",\"name\":\"Stay TV\",\"description\":\"Stay TV es un medio digital de noticias con base en Centroam\\u00e9rica, con cobertura local e internacional desde una mirada asi\\u00e1tica.\",\"url\":\"https:\\\/\\\/staytv.cr\\\/\",\"logo\":{\"@type\":\"ImageObject\",\"url\":\"https:\\\/\\\/staytv.cr\\\/wp-content\\\/uploads\\\/cropped-StayTV_logo_oficial_simple.png\",\"@id\":\"https:\\\/\\\/staytv.cr\\\/index.php\\\/2025\\\/04\\\/28\\\/klm-aumenta-frecuencia-de-vuelos-a-costa-rica-para-temporada-2025-2026\\\/#organizationLogo\",\"width\":2560,\"height\":769},\"image\":{\"@id\":\"https:\\\/\\\/staytv.cr\\\/index.php\\\/2025\\\/04\\\/28\\\/klm-aumenta-frecuencia-de-vuelos-a-costa-rica-para-temporada-2025-2026\\\/#organizationLogo\"},\"sameAs\":[\"https:\\\/\\\/www.instagram.com\\\/staytvcr\\\/\"]},{\"@type\":\"Person\",\"@id\":\"https:\\\/\\\/staytv.cr\\\/index.php\\\/author\\\/diegostaytv\\\/#author\",\"url\":\"https:\\\/\\\/staytv.cr\\\/index.php\\\/author\\\/diegostaytv\\\/\",\"name\":\"Diego Molina\",\"image\":{\"@type\":\"ImageObject\",\"url\":\"https:\\\/\\\/secure.gravatar.com\\\/avatar\\\/7d23cb63381aa64750c7e76727c208369ebd6f2565e9dc4c62e323b1ea59af41?s=96&d=mm&r=g\"}},{\"@type\":\"WebPage\",\"@id\":\"https:\\\/\\\/staytv.cr\\\/index.php\\\/2025\\\/04\\\/28\\\/klm-aumenta-frecuencia-de-vuelos-a-costa-rica-para-temporada-2025-2026\\\/#webpage\",\"url\":\"https:\\\/\\\/staytv.cr\\\/index.php\\\/2025\\\/04\\\/28\\\/klm-aumenta-frecuencia-de-vuelos-a-costa-rica-para-temporada-2025-2026\\\/\",\"name\":\"KLM aumenta frecuencia de vuelos a Costa Rica para temporada 2025-2026 - Staytv\",\"description\":\"San Jos\\u00e9, Costa Rica \\u2014 La aerol\\u00ednea KLM, de Pa\\u00edses Bajo\",\"inLanguage\":\"zh-TW\",\"isPartOf\":{\"@id\":\"https:\\\/\\\/staytv.cr\\\/#website\"},\"breadcrumb\":{\"@id\":\"https:\\\/\\\/staytv.cr\\\/index.php\\\/2025\\\/04\\\/28\\\/klm-aumenta-frecuencia-de-vuelos-a-costa-rica-para-temporada-2025-2026\\\/#breadcrumblist\"},\"author\":{\"@id\":\"https:\\\/\\\/staytv.cr\\\/index.php\\\/author\\\/diegostaytv\\\/#author\"},\"creator\":{\"@id\":\"https:\\\/\\\/staytv.cr\\\/index.php\\\/author\\\/diegostaytv\\\/#author\"},\"image\":{\"@type\":\"ImageObject\",\"url\":\"https:\\\/\\\/staytv.cr\\\/wp-content\\\/uploads\\\/Sin-titulo-11-15.png\",\"@id\":\"https:\\\/\\\/staytv.cr\\\/index.php\\\/2025\\\/04\\\/28\\\/klm-aumenta-frecuencia-de-vuelos-a-costa-rica-para-temporada-2025-2026\\\/#mainImage\",\"width\":1280,\"height\":720},\"primaryImageOfPage\":{\"@id\":\"https:\\\/\\\/staytv.cr\\\/index.php\\\/2025\\\/04\\\/28\\\/klm-aumenta-frecuencia-de-vuelos-a-costa-rica-para-temporada-2025-2026\\\/#mainImage\"},\"datePublished\":\"2025-04-28T14:28:53-06:00\",\"dateModified\":\"2025-04-28T14:28:53-06:00\"},{\"@type\":\"WebSite\",\"@id\":\"https:\\\/\\\/staytv.cr\\\/#website\",\"url\":\"https:\\\/\\\/staytv.cr\\\/\",\"name\":\"Staytv\",\"description\":\"Medio de comunicaci\\u00f3n digital de Costa Rica.\",\"inLanguage\":\"zh-TW\",\"publisher\":{\"@id\":\"https:\\\/\\\/staytv.cr\\\/#organization\"}}]}\n\t\t<\/script>\n\t\t<!-- All in One SEO Pro -->\r\n\t\t<title>KLM aumenta frecuencia de vuelos a Costa Rica para temporada 2025-2026 - Staytv<\/title>\n\n","aioseo_head_json":{"title":"KLM aumenta frecuencia de vuelos a Costa Rica para temporada 2025-2026 - Staytv","description":"San Jos\u00e9, Costa Rica \u2014 La aerol\u00ednea KLM, de Pa\u00edses Bajo","canonical_url":"https:\/\/staytv.cr\/index.php\/2025\/04\/28\/klm-aumenta-frecuencia-de-vuelos-a-costa-rica-para-temporada-2025-2026\/","robots":"max-image-preview:large","keywords":"","webmasterTools":{"miscellaneous":""},"schema":{"@context":"https:\/\/schema.org","@graph":[{"@type":"BreadcrumbList","@id":"https:\/\/staytv.cr\/index.php\/2025\/04\/28\/klm-aumenta-frecuencia-de-vuelos-a-costa-rica-para-temporada-2025-2026\/#breadcrumblist","itemListElement":[{"@type":"ListItem","@id":"https:\/\/staytv.cr#listItem","position":1,"name":"Home","item":"https:\/\/staytv.cr","nextItem":{"@type":"ListItem","@id":"https:\/\/staytv.cr\/index.php\/category\/nacional\/#listItem","name":"NACIONAL"}},{"@type":"ListItem","@id":"https:\/\/staytv.cr\/index.php\/category\/nacional\/#listItem","position":2,"name":"NACIONAL","item":"https:\/\/staytv.cr\/index.php\/category\/nacional\/","nextItem":{"@type":"ListItem","@id":"https:\/\/staytv.cr\/index.php\/2025\/04\/28\/klm-aumenta-frecuencia-de-vuelos-a-costa-rica-para-temporada-2025-2026\/#listItem","name":"KLM aumenta frecuencia de vuelos a Costa Rica para temporada 2025-2026"},"previousItem":{"@type":"ListItem","@id":"https:\/\/staytv.cr#listItem","name":"Home"}},{"@type":"ListItem","@id":"https:\/\/staytv.cr\/index.php\/2025\/04\/28\/klm-aumenta-frecuencia-de-vuelos-a-costa-rica-para-temporada-2025-2026\/#listItem","position":3,"name":"KLM aumenta frecuencia de vuelos a Costa Rica para temporada 2025-2026","previousItem":{"@type":"ListItem","@id":"https:\/\/staytv.cr\/index.php\/category\/nacional\/#listItem","name":"NACIONAL"}}]},{"@type":"Organization","@id":"https:\/\/staytv.cr\/#organization","name":"Stay TV","description":"Stay TV es un medio digital de noticias con base en Centroam\u00e9rica, con cobertura local e internacional desde una mirada asi\u00e1tica.","url":"https:\/\/staytv.cr\/","logo":{"@type":"ImageObject","url":"https:\/\/staytv.cr\/wp-content\/uploads\/cropped-StayTV_logo_oficial_simple.png","@id":"https:\/\/staytv.cr\/index.php\/2025\/04\/28\/klm-aumenta-frecuencia-de-vuelos-a-costa-rica-para-temporada-2025-2026\/#organizationLogo","width":2560,"height":769},"image":{"@id":"https:\/\/staytv.cr\/index.php\/2025\/04\/28\/klm-aumenta-frecuencia-de-vuelos-a-costa-rica-para-temporada-2025-2026\/#organizationLogo"},"sameAs":["https:\/\/www.instagram.com\/staytvcr\/"]},{"@type":"Person","@id":"https:\/\/staytv.cr\/index.php\/author\/diegostaytv\/#author","url":"https:\/\/staytv.cr\/index.php\/author\/diegostaytv\/","name":"Diego Molina","image":{"@type":"ImageObject","url":"https:\/\/secure.gravatar.com\/avatar\/7d23cb63381aa64750c7e76727c208369ebd6f2565e9dc4c62e323b1ea59af41?s=96&d=mm&r=g"}},{"@type":"WebPage","@id":"https:\/\/staytv.cr\/index.php\/2025\/04\/28\/klm-aumenta-frecuencia-de-vuelos-a-costa-rica-para-temporada-2025-2026\/#webpage","url":"https:\/\/staytv.cr\/index.php\/2025\/04\/28\/klm-aumenta-frecuencia-de-vuelos-a-costa-rica-para-temporada-2025-2026\/","name":"KLM aumenta frecuencia de vuelos a Costa Rica para temporada 2025-2026 - Staytv","description":"San Jos\u00e9, Costa Rica \u2014 La aerol\u00ednea KLM, de Pa\u00edses Bajo","inLanguage":"zh-TW","isPartOf":{"@id":"https:\/\/staytv.cr\/#website"},"breadcrumb":{"@id":"https:\/\/staytv.cr\/index.php\/2025\/04\/28\/klm-aumenta-frecuencia-de-vuelos-a-costa-rica-para-temporada-2025-2026\/#breadcrumblist"},"author":{"@id":"https:\/\/staytv.cr\/index.php\/author\/diegostaytv\/#author"},"creator":{"@id":"https:\/\/staytv.cr\/index.php\/author\/diegostaytv\/#author"},"image":{"@type":"ImageObject","url":"https:\/\/staytv.cr\/wp-content\/uploads\/Sin-titulo-11-15.png","@id":"https:\/\/staytv.cr\/index.php\/2025\/04\/28\/klm-aumenta-frecuencia-de-vuelos-a-costa-rica-para-temporada-2025-2026\/#mainImage","width":1280,"height":720},"primaryImageOfPage":{"@id":"https:\/\/staytv.cr\/index.php\/2025\/04\/28\/klm-aumenta-frecuencia-de-vuelos-a-costa-rica-para-temporada-2025-2026\/#mainImage"},"datePublished":"2025-04-28T14:28:53-06:00","dateModified":"2025-04-28T14:28:53-06:00"},{"@type":"WebSite","@id":"https:\/\/staytv.cr\/#website","url":"https:\/\/staytv.cr\/","name":"Staytv","description":"Medio de comunicaci\u00f3n digital de Costa Rica.","inLanguage":"zh-TW","publisher":{"@id":"https:\/\/staytv.cr\/#organization"}}]},"og:locale":"zh_TW","og:site_name":"Staytv - Medio de comunicaci\u00f3n digital de Costa Rica.","og:type":"article","og:title":"KLM aumenta frecuencia de vuelos a Costa Rica para temporada 2025-2026 - Staytv","og:description":"San Jos\u00e9, Costa Rica \u2014 La aerol\u00ednea KLM, de Pa\u00edses Bajo","og:url":"https:\/\/staytv.cr\/index.php\/2025\/04\/28\/klm-aumenta-frecuencia-de-vuelos-a-costa-rica-para-temporada-2025-2026\/","og:image":"https:\/\/staytv.cr\/wp-content\/uploads\/Sin-titulo-11-15.png","og:image:secure_url":"https:\/\/staytv.cr\/wp-content\/uploads\/Sin-titulo-11-15.png","og:image:width":1280,"og:image:height":720,"article:published_time":"2025-04-28T20:28:53+00:00","article:modified_time":"2025-04-28T20:28:53+00:00","article:publisher":"https:\/\/www.facebook.com\/staytvcr","twitter:card":"summary_large_image","twitter:title":"KLM aumenta frecuencia de vuelos a Costa Rica para temporada 2025-2026 - Staytv","twitter:description":"San Jos\u00e9, Costa Rica \u2014 La aerol\u00ednea KLM, de Pa\u00edses Bajo","twitter:image":"https:\/\/staytv.cr\/wp-content\/uploads\/Sin-titulo-11-15.png"},"aioseo_meta_data":[],"aioseo_breadcrumb":"<div class=\"aioseo-breadcrumbs\"><span class=\"aioseo-breadcrumb\">\n\t<a href=\"https:\/\/staytv.cr\" title=\"Home\">Home<\/a>\n<\/span><span class=\"aioseo-breadcrumb-separator\">&raquo;<\/span><span class=\"aioseo-breadcrumb\">\n\t<a href=\"https:\/\/staytv.cr\/index.php\/category\/nacional\/\" title=\"NACIONAL\">NACIONAL<\/a>\n<\/span><span class=\"aioseo-breadcrumb-separator\">&raquo;<\/span><span class=\"aioseo-breadcrumb\">\n\tKLM aumenta frecuencia de vuelos a Costa Rica para temporada 2025-2026\n<\/span><\/div>","aioseo_breadcrumb_json":[{"label":"Home","link":"https:\/\/staytv.cr"},{"label":"NACIONAL","link":"https:\/\/staytv.cr\/index.php\/category\/nacional\/"},{"label":"KLM aumenta frecuencia de vuelos a Costa Rica para temporada 2025-2026","link":"https:\/\/staytv.cr\/index.php\/2025\/04\/28\/klm-aumenta-frecuencia-de-vuelos-a-costa-rica-para-temporada-2025-2026\/"}],"_links":{"self":[{"href":"https:\/\/staytv.cr\/index.php\/wp-json\/wp\/v2\/posts\/9257","targetHints":{"allow":["GET"]}}],"collection":[{"href":"https:\/\/staytv.cr\/index.php\/wp-json\/wp\/v2\/posts"}],"about":[{"href":"https:\/\/staytv.cr\/index.php\/wp-json\/wp\/v2\/types\/post"}],"author":[{"embeddable":true,"href":"https:\/\/staytv.cr\/index.php\/wp-json\/wp\/v2\/users\/10"}],"replies":[{"embeddable":true,"href":"https:\/\/staytv.cr\/index.php\/wp-json\/wp\/v2\/comments?post=9257"}],"version-history":[{"count":1,"href":"https:\/\/staytv.cr\/index.php\/wp-json\/wp\/v2\/posts\/9257\/revisions"}],"predecessor-version":[{"id":9259,"href":"https:\/\/staytv.cr\/index.php\/wp-json\/wp\/v2\/posts\/9257\/revisions\/9259"}],"wp:featuredmedia":[{"embeddable":true,"href":"https:\/\/staytv.cr\/index.php\/wp-json\/wp\/v2\/media\/9258"}],"wp:attachment":[{"href":"https:\/\/staytv.cr\/index.php\/wp-json\/wp\/v2\/media?parent=9257"}],"wp:term":[{"taxonomy":"category","embeddable":true,"href":"https:\/\/staytv.cr\/index.php\/wp-json\/wp\/v2\/categories?post=9257"},{"taxonomy":"post_tag","embeddable":true,"href":"https:\/\/staytv.cr\/index.php\/wp-json\/wp\/v2\/tags?post=9257"}],"curies":[{"name":"wp","href":"https:\/\/api.w.org\/{rel}","templated":true}]}}